{"acronym": null, "archived": null, "badges": [], "contact_point": null, "created_at": "2026-04-24T14:54:01.833000+00:00", "deleted": null, "description": "\nCe jeu de donn\u00e9es inclut les ressources suivantes : \n\n- Production (P1) par branche (NaceR2)(\u00e0 prix courants) (en millions EUR)\n- Production (P1) par branche (NaceR2) (volumes cha\u00een\u00e9s; 2015)\n- Consommation interm\u00e9diaire (P2) par branche (NaceR2)(\u00e0 prix courants) (en millions EUR)\n- Consommation interm\u00e9diaire (P2) par branche (NaceR2) (volumes cha\u00een\u00e9s; 2015)\n- Valeur ajout\u00e9e brute (B1) aux prix de base par branche (NaceR2)(\u00e0 prix courants) (en millions EUR)\n- Valeur ajout\u00e9e brute (B1) aux prix de base par branche (NaceR2) (volumes cha\u00een\u00e9s; 2015)\n- R\u00e9mun\u00e9ration des salari\u00e9s (D1) par branche (NaceR2) (en millions EUR) - annuelle\n- Emploi total (ETO) par branche (NaceR2) (en 1 000 personnes)\n- Emploi salari\u00e9 (EEM) par branche (NaceR2) (en 1 000 personnes) - annuelle\n- Travailleurs ind\u00e9pendants (ESE) par branche (NaceR2) (en 1 000 personnes) - annuelle\n- Heures travaill\u00e9es total par branche (NaceR2) (en 1000 heures travaill\u00e9es)\n- Heures travaill\u00e9es (employ\u00e9es) par branche (NaceR2) (en 1000 heures travaill\u00e9es) - annuelle\n- Heures travaill\u00e9es (non-employ\u00e9es) par branche (NaceR2) (en 1000 heures travaill\u00e9es) - annuelle\n- Principaux agr\u00e9gats: trois approches (prix courants) (en millions EUR) - annuelle\n- Principaux agr\u00e9gats: trois approches (volumes cha\u00een\u00e9s; 2015)\n- Structure de la somme des valeurs ajout\u00e9es brutes aux prix de base (NaceR2) (en % du total)\n- Evolution principaux agr\u00e9gats: trois approches (en % de variation des volumes cha\u00een\u00e9s; 2015)\n- Contribution des agr\u00e9gats \u00e0 la croissance en volume du PIB dans l&#39;approche production (variation en %)\n- Contribution des agr\u00e9gats \u00e0 la croissance r\u00e9elle du PIB dans l&#39;approche d\u00e9penses (variation en %)\n- Agr\u00e9gats rapport\u00e9s \u00e0 la population et \u00e0 l&#39;emploi (en milliers EUR)\n- D\u00e9pense de consommation finale des m\u00e9nages (prix courants) (en millions EUR)\n- D\u00e9pense de consommation finale des m\u00e9nages (volumes cha\u00een\u00e9s; 2015)\n- D\u00e9pense de consommation finale des m\u00e9nages par fonction (prix courants) (en millions EUR)\n- Principaux agr\u00e9gats: trois approches (prix courants) (en millions EUR) - trimestrielle\n- Principaux agr\u00e9gats: trois approches (volumes cha\u00een\u00e9s; 2015)\n- Evolution des principaux agr\u00e9gats COP15: Variation d&#39;un trimestre par rapport au m\u00eame trimestre de l&#39;ann\u00e9e pr\u00e9c\u00e9dente (en % de variation)\n- Principaux agr\u00e9gats: trois approches d\u00e9saisonnalis\u00e9es (prix courants) (en millions EUR)\n- Principaux agr\u00e9gats: trois approches d\u00e9saisonnalis\u00e9es (volumes cha\u00een\u00e9s; 2015)\n- Evolution des principaux agr\u00e9gats COP15 d\u00e9saisonnalis\u00e9s: Variation d&#39;un trimestre par rapport au m\u00eame trimestre de l&#39;ann\u00e9e pr\u00e9c\u00e9dente (en % de variation)\n- Valeur ajout\u00e9e brute aux prix de base par branche (NaceR2) (prix courants) (en millions EUR)\n- Evolution des principaux agr\u00e9gats COP15 d\u00e9saisonnalis\u00e9s: Variation d&#39;un trimestre par rapport au trimestre pr\u00e9c\u00e9dent (en % de variation)\n- Valeur ajout\u00e9e brute aux prix de base par branche (NaceR2) (volumes cha\u00een\u00e9s; 2015)\n- Principaux agr\u00e9gats: trois approches ajust\u00e9es des jours ouvrables (prix courants) (en millions EUR)\n- Valeur ajout\u00e9e brute aux prix de base par branche (NaceR2) (volumes cha\u00een\u00e9s; 2015; d\u00e9saisonnalis\u00e9e)\n- Emploi total par branche (NaceR2) (en 1 000 personnes)\n- Principaux agr\u00e9gats: trois approches ajust\u00e9es des jours ouvrables (volumes cha\u00een\u00e9s; 2015)\n- Emploi salari\u00e9 (EEM) par branche (NaceR2) (en 1 000 personnes) - trimestrielle\n- Evolution des principaux agr\u00e9gats COP15 ajust\u00e9s des jours ouvrables: Variation d&#39;un trimestre par rapport au m\u00eame trimestre de l&#39;ann\u00e9e pr\u00e9c\u00e9dente (en % de variation)\n- Evolution des principaux agr\u00e9gats COP15 ajust\u00e9s des jours ouvrables: Variation d&#39;un trimestre par rapport au trimestre pr\u00e9c\u00e9dent (en % de variation)\n- Travailleurs ind\u00e9pendants (ESE) par branche (NaceR2) (en 1 000 personnes) - trimestrielle\n- Contributions \u00e0 la croissance COP15: Variation d&#39;un trimestre par rapport au trimestre pr\u00e9c\u00e9dent (qoq) (en % de variation)\n- R\u00e9mun\u00e9ration des salari\u00e9s (D1) par branche (NaceR2) (en millions EUR) - trimestrielle\n- Contributions \u00e0 la croissance COP15: Variation d&#39;un trimestre par rapport au m\u00eame trimestre de l&#39;ann\u00e9e pr\u00e9c\u00e9dente (yoy) (en % de variation)\n- Heures travaill\u00e9es total (HRT) par branche (NaceR2) (en 1 000 d&#39;heures)\n- Contributions \u00e0 la croissance COP15 d\u00e9saisonnalis\u00e9es: Variation d&#39;un trimestre par rapport au trimestre pr\u00e9c\u00e9dent (qoq) (en % de variation)\n- Heures travaill\u00e9es des salari\u00e9s (HRS) par branche (NaceR2) (en 1 000 d&#39;heures)\n- Contributions \u00e0 la croissance COP15 d\u00e9saisonnalis\u00e9es: Variation d&#39;un trimestre par rapport au m\u00eame trimestre de l&#39;ann\u00e9e pr\u00e9c\u00e9dente (yoy) (en % de variation)\n- Heures travaill\u00e9es des non-salari\u00e9s (HRN) par branche (NaceR2) (en 1 000 d&#39;heures)\n- Comptes de d\u00e9penses en protection environnementale du secteur priv\u00e9 (en millions EUR)  2008-2011\n- Comptes de d\u00e9penses en protection environnementale du secteur public (en millions EUR)  2008-2011\n- Comptes de d\u00e9penses en protection environnementale selon le secteur priv\u00e9e\n- Comptes de d\u00e9penses en protection environnementale selon le secteur publique et les institutions sans but lucratif servant les m\u00e9nages\n- Comptes des biens et services environnementaux\n- Comptes des flux de mati\u00e8res (en 1 000 tonnes)\n- Comptes des \u00e9missions de gaz \u00e0 effet de serre\n- Comptes des \u00e9missions de polluants atmosph\u00e9riques (en tonnes)\n- Consommation de capital fixe (K1) par branche (NaceR2) (en millions EUR)\n- Consommation du tourisme int\u00e9rieur par produit\n- D\u00e9pense de consommation finale des m\u00e9nages par fonction (volumes cha\u00een\u00e9s; 2015)\n- D\u00e9penses culturelles publiques par type d&#39;administration (en millions EUR)\n- D\u00e9penses des m\u00e9nages en EUR prix courants\n- D\u00e9penses du tourisme r\u00e9cepteur, interne et \u00e9metteur par produit et cat\u00e9gorie de visiteurs\n- D\u00e9penses nationales en protection environnementale par fonction et types de d\u00e9penses 2008-2011\n- D\u00e9penses nationales en protection environnementale par objectif et types de d\u00e9penses\n- Emploi culturel dans l&#39;emploi total (en %)\n- Emploi dans l&#39;\u00e9conomie sociale et solidaire\n- Emploi dans les industries du tourisme\n- Emploi de l&#39;\u00e9conomie sportive par cat\u00e9gorie en ETP\n- Emplois li\u00e9s aux biens et services environnementaux\n- Importations et exportations totales (en 1000 EUR) de produits culturels selon la Nomenclature Combin\u00e9e par groupe de produits\n- Offre int\u00e9rieure totale et consommation du tourisme int\u00e9rieur par produit\n- Production et valeur ajout\u00e9e de l&#39;\u00e9conomie sportive par cat\u00e9gorie (en millions EUR)\n- Production et valeur ajout\u00e9e par domaine culturel (en millions EUR)\n- Production nationale de services en protection environnementale par fonction et charact\u00e9ristiques \u00e9conomiques 2008-2011\n- Production nationale de services en protection environnementale par objectif et charact\u00e9ristiques \u00e9conomiques\n- Salaires et traitements bruts (D11) par branche (NaceR2) (en millions EUR)\n- S\u00e9quence des comptes annuels par secteur\n- S\u00e9quence des comptes de l&#39;\u00e9conomie sociale et solidaire (mio. EUR)\n- S\u00e9quence des comptes trimestriels par secteur\n- Tableau de bord de l&#39;\u00e9conomie verte et des empreintes environnementales\n- Taxes environnementales (en millions EUR)\n- Transferts environnementaux\n\n\n---\nSynchronis\u00e9 automatiquement depuis la [base de donn\u00e9es LUSTAT](https://lustat.statec.lu)", "extras": {"dotstat_id": "1|\u00c9conomie totale et prix#E#|Comptes nationaux#E2#"}, "frequency": "annual", "frequency_date": null, "harvest": null, "id": "69eb8409b335895568f00c22", "internal": {"created_at_internal": "2026-04-24T14:54:01.833000+00:00", "last_modified_internal": "2026-08-07T21:01:18.702000+00:00"}, "last_modified": "2026-08-07T21:01:18.702000+00:00", "last_update": "2026-08-07T21:01:18.415000+00:00", "license": "cc-zero", "metrics": {"discussions": 0, "followers": 0, "resources_downloads": 0, "reuses": 0, "views": 0}, "organization": {"acronym": "STATEC", "badges": [{"kind": "public-service"}, {"kind": "certified"}], "class": "Organization", "id": "56f3c3390d6ceb1b0b4030e8", "logo": "https://download.data.public.lu/avatars/36/ef6e49688f4bd28a41b2625a13b6fc-original.jpg", "logo_thumbnail": "https://download.data.public.lu/avatars/36/ef6e49688f4bd28a41b2625a13b6fc-100.jpg", "name": "STATEC Institut national de la statistique et des \u00e9tudes \u00e9conomiques du Grand-Duch\u00e9 de Luxembourg", "page": "https://data.public.lu/fr/organizations/statec-institut-national-de-la-statistique-et-des-etudes-economiques-du-grand-duche-de-luxembourg/", "slug": "statec-institut-national-de-la-statistique-et-des-etudes-economiques-du-grand-duche-de-luxembourg", "uri": "https://data.public.lu/api/1/organizations/statec-institut-national-de-la-statistique-et-des-etudes-economiques-du-grand-duche-de-luxembourg/"}, "owner": null, "page": "https://data.public.lu/fr/datasets/economie-totale-et-prix-comptes-nationaux/", "private": false, "quality": {"all_resources_available": true, "dataset_description_quality": true, "has_open_format": true, "has_resources": true, "license": true, "resources_documentation": true, "score": 0.8888888888888888, "spatial": true, "temporal_coverage": false, "update_frequency": true, "update_fulfilled_in_time": true}, "resources": [{"checksum": null, "created_at": "2026-04-24T14:54:01.833000+00:00", "description": "Date de publication: 06/03/2026 Version SEC2010_notif202603 - P\u00e9riodicit\u00e9: annuelle - Auteur: Statec - Cat\u00e9gorie: Economie et finances - Comptes nationaux - Mots-cl\u00e9s: comptes annuels, NACE Rev. 2, production, P1, prix courants", "extras": {}, "filesize": 0, "filetype": "remote", "format": "html", "harvest": null, "id": "3c5e4488-8433-42ca-8c58-d86e861ec4ae", "internal": {"created_at_internal": "2026-04-24T14:54:01.833000+00:00", "last_modified_internal": "2026-04-24T14:54:01.833000+00:00"}, "last_modified": "2026-04-24T14:54:01.833000+00:00", "latest": "https://data.public.lu/fr/datasets/r/3c5e4488-8433-42ca-8c58-d86e861ec4ae", "metrics": {}, "mime": null, "preview_url": null, "schema": null, "title": "Production (P1) par branche (NaceR2)(\u00e0 prix courants) (en millions EUR)", "type": "main", "url": "https://lustat.statec.lu/vis?df[ds]=ds-release&vw=tb&df[ag]=LU1&df[id]=DF_E2300"}, {"checksum": null, "created_at": "2026-04-24T14:54:01.834000+00:00", "description": "Date de publication: 06/03/2026 Version SEC2010_notif202603 - P\u00e9riodicit\u00e9: annuelle - Auteur: Statec - Cat\u00e9gorie: Economie et finances - Comptes nationaux - Mots-cl\u00e9s: comptes annuels, NACE Rev. 2, production, P1, prix constants", "extras": {}, "filesize": 0, "filetype": "remote", "format": "html", "harvest": null, "id": "200ece29-7eac-49a1-ab4f-c0ce8167b56e", "internal": {"created_at_internal": "2026-04-24T14:54:01.834000+00:00", "last_modified_internal": "2026-04-24T14:54:01.834000+00:00"}, "last_modified": "2026-04-24T14:54:01.834000+00:00", "latest": "https://data.public.lu/fr/datasets/r/200ece29-7eac-49a1-ab4f-c0ce8167b56e", "metrics": {}, "mime": null, "preview_url": null, "schema": null, "title": "Production (P1) par branche (NaceR2) (volumes cha\u00een\u00e9s; 2015)", "type": "main", "url": "https://lustat.statec.lu/vis?df[ds]=ds-release&vw=tb&df[ag]=LU1&df[id]=DF_E2301"}, {"checksum": null, "created_at": "2026-04-24T14:54:01.834000+00:00", "description": "Date de publication: 06/03/2026 Version SEC2010_notif202603 - P\u00e9riodicit\u00e9: annuelle - Auteur: Statec - Cat\u00e9gorie: Economie et finances - Comptes nationaux - Mots-cl\u00e9s: comptes annuels, NACE Rev. 2, consommation interm\u00e9diaire, P2, prix courants", "extras": {}, "filesize": 0, "filetype": "remote", "format": "html", "harvest": null, "id": "5bf8250f-21af-49fb-8284-575ccff3fb5f", "internal": {"created_at_internal": "2026-04-24T14:54:01.834000+00:00", "last_modified_internal": "2026-04-24T14:54:01.834000+00:00"}, "last_modified": "2026-04-24T14:54:01.834000+00:00", "latest": "https://data.public.lu/fr/datasets/r/5bf8250f-21af-49fb-8284-575ccff3fb5f", "metrics": {}, "mime": null, "preview_url": null, "schema": null, "title": "Consommation interm\u00e9diaire (P2) par branche (NaceR2)(\u00e0 prix courants) (en millions EUR)", "type": "main", "url": "https://lustat.statec.lu/vis?df[ds]=ds-release&vw=tb&df[ag]=LU1&df[id]=DF_E2302"}, {"checksum": null, "created_at": "2026-04-24T14:54:01.834000+00:00", "description": "Date de publication: 06/03/2026 Version SEC2010_notif202603 - P\u00e9riodicit\u00e9: annuelle - Auteur: Statec - Cat\u00e9gorie: Economie et finances - Comptes nationaux - Mots-cl\u00e9s: comptes annuels, NACE Rev. 2, consommation interm\u00e9diaire, P2, prix constants", "extras": {}, "filesize": 0, "filetype": "remote", "format": "html", "harvest": null, "id": "b02dea2b-1c06-47cf-a2b9-cb4309e42d50", "internal": {"created_at_internal": "2026-04-24T14:54:01.834000+00:00", "last_modified_internal": "2026-04-24T14:54:01.834000+00:00"}, "last_modified": "2026-04-24T14:54:01.834000+00:00", "latest": "https://data.public.lu/fr/datasets/r/b02dea2b-1c06-47cf-a2b9-cb4309e42d50", "metrics": {}, "mime": null, "preview_url": null, "schema": null, "title": "Consommation interm\u00e9diaire (P2) par branche (NaceR2) (volumes cha\u00een\u00e9s; 2015)", "type": "main", "url": "https://lustat.statec.lu/vis?df[ds]=ds-release&vw=tb&df[ag]=LU1&df[id]=DF_E2303"}, {"checksum": null, "created_at": "2026-04-24T14:54:01.834000+00:00", "description": "Date de publication: 06/03/2026 Version SEC2010_notif202603 - P\u00e9riodicit\u00e9: annuelle - Auteur: Statec - Cat\u00e9gorie: Economie et finances - Comptes nationaux - Mots-cl\u00e9s: comptes annuels, NACE Rev. 2, valeur ajout\u00e9e brute,  B1, VAB, prix courants", "extras": {}, "filesize": 0, "filetype": "remote", "format": "html", "harvest": null, "id": "664f98a2-f269-45c4-b495-b273e47b9c8a", "internal": {"created_at_internal": "2026-04-24T14:54:01.834000+00:00", "last_modified_internal": "2026-04-24T14:54:01.834000+00:00"}, "last_modified": "2026-04-24T14:54:01.834000+00:00", "latest": "https://data.public.lu/fr/datasets/r/664f98a2-f269-45c4-b495-b273e47b9c8a", "metrics": {}, "mime": null, "preview_url": null, "schema": null, "title": "Valeur ajout\u00e9e brute (B1) aux prix de base par branche (NaceR2)(\u00e0 prix courants) (en millions EUR)", "type": "main", "url": "https://lustat.statec.lu/vis?df[ds]=ds-release&vw=tb&df[ag]=LU1&df[id]=DF_E2304"}, {"checksum": null, "created_at": "2026-04-24T14:54:01.834000+00:00", "description": "Date de publication: 06/03/2026 Version SEC2010_notif202603 - P\u00e9riodicit\u00e9 : annuelle - Auteur: Statec - Cat\u00e9gorie: Economie et finances - Comptes nationaux - Mots-cl\u00e9s: comptes annuels, NACE Rev. 2, valeur ajout\u00e9e brute, B1, VAB, prix constants", "extras": {}, "filesize": 0, "filetype": "remote", "format": "html", "harvest": null, "id": "f3b28031-e8ce-432f-bc20-af76776bc4dd", "internal": {"created_at_internal": "2026-04-24T14:54:01.834000+00:00", "last_modified_internal": "2026-04-24T14:54:01.834000+00:00"}, "last_modified": "2026-04-24T14:54:01.834000+00:00", "latest": "https://data.public.lu/fr/datasets/r/f3b28031-e8ce-432f-bc20-af76776bc4dd", "metrics": {}, "mime": null, "preview_url": null, "schema": null, "title": "Valeur ajout\u00e9e brute (B1) aux prix de base par branche (NaceR2) (volumes cha\u00een\u00e9s; 2015)", "type": "main", "url": "https://lustat.statec.lu/vis?df[ds]=ds-release&vw=tb&df[ag]=LU1&df[id]=DF_E2305"}, {"checksum": null, "created_at": "2026-04-24T14:54:01.834000+00:00", "description": "Date de publication: 06/03/2026 Version SEC2010_notif202603 - P\u00e9riodicit\u00e9: annuelle - Auteur: Statec - Cat\u00e9gorie: Economie et finances - Comptes nationaux - Mots-cl\u00e9s: comptes annuels, NACE Rev. 2, r\u00e9mun\u00e9ration des salari\u00e9s , D1", "extras": {}, "filesize": 0, "filetype": "remote", "format": "html", "harvest": null, "id": "74423c2e-0a3b-401b-b332-800cad08396d", "internal": {"created_at_internal": "2026-04-24T14:54:01.834000+00:00", "last_modified_internal": "2026-04-24T14:54:01.834000+00:00"}, "last_modified": "2026-04-24T14:54:01.834000+00:00", "latest": "https://data.public.lu/fr/datasets/r/74423c2e-0a3b-401b-b332-800cad08396d", "metrics": {}, "mime": null, "preview_url": null, "schema": null, "title": "R\u00e9mun\u00e9ration des salari\u00e9s (D1) par branche (NaceR2) (en millions EUR) - annuelle", "type": "main", "url": "https://lustat.statec.lu/vis?df[ds]=ds-release&vw=tb&df[ag]=LU1&df[id]=DF_E2306"}, {"checksum": null, "created_at": "2026-04-24T14:54:01.834000+00:00", "description": "Date de publication: 06/03/2026 Version SEC2010_notif202603 - P\u00e9riodicit\u00e9: annuelle - Auteur: Statec - Cat\u00e9gorie: Economie et finances - Comptes nationaux - Mots-cl\u00e9s: comptes nationaux, comptes annuels, NACE Rev. 2, emploi total, ETO", "extras": {}, "filesize": 0, "filetype": "remote", "format": "html", "harvest": null, "id": "0ed385de-b25e-480a-a362-539f792daef5", "internal": {"created_at_internal": "2026-04-24T14:54:01.834000+00:00", "last_modified_internal": "2026-04-24T14:54:01.834000+00:00"}, "last_modified": "2026-04-24T14:54:01.834000+00:00", "latest": "https://data.public.lu/fr/datasets/r/0ed385de-b25e-480a-a362-539f792daef5", "metrics": {}, "mime": null, "preview_url": null, "schema": null, "title": "Emploi total (ETO) par branche (NaceR2) (en 1 000 personnes)", "type": "main", "url": "https://lustat.statec.lu/vis?df[ds]=ds-release&vw=tb&df[ag]=LU1&df[id]=DF_E2309"}, {"checksum": null, "created_at": "2026-04-24T14:54:01.834000+00:00", "description": "Date de publication: 05/06/2026  Version SEC2010_notif202606 - P\u00e9riodicit\u00e9 : trimestrielle - Auteur: Statec - Cat\u00e9gorie: Economie et finances - Comptes nationaux - Mots-cl\u00e9s: comptes nationaux, comptes trimestriels,  principaux agr\u00e9gats, VAB, PIB, DCF, FBCF, import, export, prix courants", "extras": {}, "filesize": 0, "filetype": "remote", "format": "html", "harvest": null, "id": "7722d8c7-3330-4ce8-bdae-f1c129790745", "internal": {"created_at_internal": "2026-04-24T14:54:01.834000+00:00", "last_modified_internal": "2026-06-05T21:01:14.161000+00:00"}, "last_modified": "2026-06-05T21:01:14.161000+00:00", "latest": "https://data.public.lu/fr/datasets/r/7722d8c7-3330-4ce8-bdae-f1c129790745", "metrics": {}, "mime": null, "preview_url": null, "schema": null, "title": "Principaux agr\u00e9gats: trois approches (prix courants) (en millions EUR) - trimestrielle", "type": "main", "url": "https://lustat.statec.lu/vis?df[ds]=ds-release&vw=tb&df[ag]=LU1&df[id]=DF_E2500"}, {"checksum": null, "created_at": "2026-04-24T14:54:01.834000+00:00", "description": "Date de publication: 06/03/2026 Version SEC2010_notif202603 - P\u00e9riodicit\u00e9: annuelle - Auteur: Statec - Cat\u00e9gorie: Economie et finances - Comptes nationaux - Mots-cl\u00e9s: comptes annuels, NACE Rev. 2, emploi salari\u00e9, EEM", "extras": {}, "filesize": 0, "filetype": "remote", "format": "html", "harvest": null, "id": "cb1377c8-e421-4fd6-ad50-1aa765347493", "internal": {"created_at_internal": "2026-04-24T14:54:01.834000+00:00", "last_modified_internal": "2026-04-24T14:54:01.834000+00:00"}, "last_modified": "2026-04-24T14:54:01.834000+00:00", "latest": "https://data.public.lu/fr/datasets/r/cb1377c8-e421-4fd6-ad50-1aa765347493", "metrics": {}, "mime": null, "preview_url": null, "schema": null, "title": "Emploi salari\u00e9 (EEM) par branche (NaceR2) (en 1 000 personnes) - annuelle", "type": "main", "url": "https://lustat.statec.lu/vis?df[ds]=ds-release&vw=tb&df[ag]=LU1&df[id]=DF_E2310"}, {"checksum": null, "created_at": "2026-04-24T14:54:01.834000+00:00", "description": "Date de publication: 05/06/2026  Version SEC2010_notif202606 - P\u00e9riodicit\u00e9 : trimestrielle - Auteur: Statec - Cat\u00e9gorie: Economie et finances - Comptes nationaux - Mots-cl\u00e9s: comptes nationaux, comptes trimestriels,  principaux agr\u00e9gats, VAB, PIB, DCF, FBCF, import, export, prix constants", "extras": {}, "filesize": 0, "filetype": "remote", "format": "html", "harvest": null, "id": "c8691a58-59f2-4ece-9ee9-ba1a30621724", "internal": {"created_at_internal": "2026-04-24T14:54:01.834000+00:00", "last_modified_internal": "2026-06-05T21:01:14.411000+00:00"}, "last_modified": "2026-06-05T21:01:14.411000+00:00", "latest": "https://data.public.lu/fr/datasets/r/c8691a58-59f2-4ece-9ee9-ba1a30621724", "metrics": {}, "mime": null, "preview_url": null, "schema": null, "title": "Principaux agr\u00e9gats: trois approches (volumes cha\u00een\u00e9s; 2015)", "type": "main", "url": "https://lustat.statec.lu/vis?df[ds]=ds-release&vw=tb&df[ag]=LU1&df[id]=DF_E2501"}, {"checksum": null, "created_at": "2026-04-24T14:54:01.834000+00:00", "description": "Date de publication: 05/06/2026  Version SEC2010_notif202606 - P\u00e9riodicit\u00e9 : trimestrielle - Auteur: Statec - Cat\u00e9gorie: Economie et finances - Comptes nationaux - Mots-cl\u00e9s: comptes trimestriels,  principaux agr\u00e9gats, VAB, PIB, DCF, FBCF, import, export, prix constants, croissance", "extras": {}, "filesize": 0, "filetype": "remote", "format": "html", "harvest": null, "id": "7882d4e9-add1-4ae4-8d48-b2ef5cf588b3", "internal": {"created_at_internal": "2026-04-24T14:54:01.834000+00:00", "last_modified_internal": "2026-06-05T21:01:14.662000+00:00"}, "last_modified": "2026-06-05T21:01:14.662000+00:00", "latest": "https://data.public.lu/fr/datasets/r/7882d4e9-add1-4ae4-8d48-b2ef5cf588b3", "metrics": {}, "mime": null, "preview_url": null, "schema": null, "title": "Evolution des principaux agr\u00e9gats COP15: Variation d'un trimestre par rapport au m\u00eame trimestre de l'ann\u00e9e pr\u00e9c\u00e9dente (en % de variation)", "type": "main", "url": "https://lustat.statec.lu/vis?df[ds]=ds-release&vw=tb&df[ag]=LU1&df[id]=DF_E2502"}, {"checksum": null, "created_at": "2026-04-24T14:54:01.834000+00:00", "description": "Date de publication: 06/03/2026 Version SEC2010_notif202603 - P\u00e9riodicit\u00e9: annuelle - Auteur: Statec - Cat\u00e9gorie: Economie et finances - Comptes nationaux - Mots-cl\u00e9s: comptes annuels, NACE Rev. 2, travailleurs ind\u00e9pendants, ESE", "extras": {}, "filesize": 0, "filetype": "remote", "format": "html", "harvest": null, "id": "e2e8e731-3f1f-4dd6-ba2f-90f3cd3ae40c", "internal": {"created_at_internal": "2026-04-24T14:54:01.834000+00:00", "last_modified_internal": "2026-04-24T14:54:01.834000+00:00"}, "last_modified": "2026-04-24T14:54:01.834000+00:00", "latest": "https://data.public.lu/fr/datasets/r/e2e8e731-3f1f-4dd6-ba2f-90f3cd3ae40c", "metrics": {}, "mime": null, "preview_url": null, "schema": null, "title": "Travailleurs ind\u00e9pendants (ESE) par branche (NaceR2) (en 1 000 personnes) - annuelle", "type": "main", "url": "https://lustat.statec.lu/vis?df[ds]=ds-release&vw=tb&df[ag]=LU1&df[id]=DF_E2311"}, {"checksum": null, "created_at": "2026-04-24T14:54:01.834000+00:00", "description": "Date de publication: 06/03/2026 Version SEC2010_notif202603 - P\u00e9riodicit\u00e9: annuelle - Auteur: Statec - Cat\u00e9gorie: Economie et finances - Comptes nationaux - Mots-cl\u00e9s: comptes annuels, NACE Rev. 2, heures travaill\u00e9es total, HRT", "extras": {}, "filesize": 0, "filetype": "remote", "format": "html", "harvest": null, "id": "9384e5fb-57f4-4ebf-8de3-d03c9a4235c6", "internal": {"created_at_internal": "2026-04-24T14:54:01.834000+00:00", "last_modified_internal": "2026-04-24T14:54:01.834000+00:00"}, "last_modified": "2026-04-24T14:54:01.834000+00:00", "latest": "https://data.public.lu/fr/datasets/r/9384e5fb-57f4-4ebf-8de3-d03c9a4235c6", "metrics": {}, "mime": null, "preview_url": null, "schema": null, "title": "Heures travaill\u00e9es total par branche (NaceR2) (en 1000 heures travaill\u00e9es)", "type": "main", "url": "https://lustat.statec.lu/vis?df[ds]=ds-release&vw=tb&df[ag]=LU1&df[id]=DF_E2312"}, {"checksum": null, "created_at": "2026-04-24T14:54:01.834000+00:00", "description": "Date de publication: 05/06/2026  Version SEC2010_notif202606 - P\u00e9riodicit\u00e9 : trimestrielle - Auteur: Statec - Cat\u00e9gorie: Economie et finances - Comptes nationaux - Mots-cl\u00e9s: comptes trimestriels,  principaux agr\u00e9gats, VAB, PIB, DCF, FBCF, import, export, prix courants, d\u00e9saisonnalis\u00e9", "extras": {}, "filesize": 0, "filetype": "remote", "format": "html", "harvest": null, "id": "e323f8ae-195d-401a-8cd0-3c9f1f3fe65c", "internal": {"created_at_internal": "2026-04-24T14:54:01.834000+00:00", "last_modified_internal": "2026-06-05T21:01:14.916000+00:00"}, "last_modified": "2026-06-05T21:01:14.916000+00:00", "latest": "https://data.public.lu/fr/datasets/r/e323f8ae-195d-401a-8cd0-3c9f1f3fe65c", "metrics": {}, "mime": null, "preview_url": null, "schema": null, "title": "Principaux agr\u00e9gats: trois approches d\u00e9saisonnalis\u00e9es (prix courants) (en millions EUR)", "type": "main", "url": "https://lustat.statec.lu/vis?df[ds]=ds-release&vw=tb&df[ag]=LU1&df[id]=DF_E2503"}, {"checksum": null, "created_at": "2026-04-24T14:54:01.835000+00:00", "description": "Date de publication: 06/03/2026 Version SEC2010_notif202603 - P\u00e9riodicit\u00e9: annuelle - Auteur: Statec - Cat\u00e9gorie: Economie et finances - Comptes nationaux - Mots-cl\u00e9s: comptes annuels, NACE Rev. 2, heures travaill\u00e9es, employ\u00e9es, HRS", "extras": {}, "filesize": 0, "filetype": "remote", "format": "html", "harvest": null, "id": "25bc028b-26f0-4bf8-8016-1ef07b801dcd", "internal": {"created_at_internal": "2026-04-24T14:54:01.835000+00:00", "last_modified_internal": "2026-04-24T14:54:01.835000+00:00"}, "last_modified": "2026-04-24T14:54:01.835000+00:00", "latest": "https://data.public.lu/fr/datasets/r/25bc028b-26f0-4bf8-8016-1ef07b801dcd", "metrics": {}, "mime": null, "preview_url": null, "schema": null, "title": "Heures travaill\u00e9es (employ\u00e9es) par branche (NaceR2) (en 1000 heures travaill\u00e9es) - annuelle", "type": "main", "url": "https://lustat.statec.lu/vis?df[ds]=ds-release&vw=tb&df[ag]=LU1&df[id]=DF_E2313"}, {"checksum": null, "created_at": "2026-04-24T14:54:01.835000+00:00", "description": "Date de publication: 05/06/2026  Version SEC2010_notif202606 - P\u00e9riodicit\u00e9 : trimestrielle - Auteur: Statec - Cat\u00e9gorie: Economie et finances - Comptes nationaux - Mots-cl\u00e9s: comptes trimestriels,  principaux agr\u00e9gats, VAB, PIB, DCF, FBCF, import, export, prix constants, d\u00e9saisonnalis\u00e9", "extras": {}, "filesize": 0, "filetype": "remote", "format": "html", "harvest": null, "id": "ad6cf927-6892-496c-8c86-04c3fb1ba197", "internal": {"created_at_internal": "2026-04-24T14:54:01.835000+00:00", "last_modified_internal": "2026-06-05T21:01:15.155000+00:00"}, "last_modified": "2026-06-05T21:01:15.155000+00:00", "latest": "https://data.public.lu/fr/datasets/r/ad6cf927-6892-496c-8c86-04c3fb1ba197", "metrics": {}, "mime": null, "preview_url": null, "schema": null, "title": "Principaux agr\u00e9gats: trois approches d\u00e9saisonnalis\u00e9es (volumes cha\u00een\u00e9s; 2015)", "type": "main", "url": "https://lustat.statec.lu/vis?df[ds]=ds-release&vw=tb&df[ag]=LU1&df[id]=DF_E2504"}, {"checksum": null, "created_at": "2026-04-24T14:54:01.835000+00:00", "description": "Date de publication: 05/06/2026  Version SEC2010_notif202606 - P\u00e9riodicit\u00e9 : trimestrielle - Auteur: Statec - Cat\u00e9gorie: Economie et finances - Comptes nationaux - Mots-cl\u00e9s: comptes trimestriels,  principaux agr\u00e9gats, VAB, PIB, DCF, FBCF, import, export, prix constants, d\u00e9saisonnalis\u00e9, croissance", "extras": {}, "filesize": 0, "filetype": "remote", "format": "html", "harvest": null, "id": "baf0ad65-9942-49b5-ba95-95ab12a3b581", "internal": {"created_at_internal": "2026-04-24T14:54:01.835000+00:00", "last_modified_internal": "2026-06-05T21:01:15.421000+00:00"}, "last_modified": "2026-06-05T21:01:15.421000+00:00", "latest": "https://data.public.lu/fr/datasets/r/baf0ad65-9942-49b5-ba95-95ab12a3b581", "metrics": {}, "mime": null, "preview_url": null, "schema": null, "title": "Evolution des principaux agr\u00e9gats COP15 d\u00e9saisonnalis\u00e9s: Variation d'un trimestre par rapport au m\u00eame trimestre de l'ann\u00e9e pr\u00e9c\u00e9dente (en % de variation)", "type": "main", "url": "https://lustat.statec.lu/vis?df[ds]=ds-release&vw=tb&df[ag]=LU1&df[id]=DF_E2505"}, {"checksum": null, "created_at": "2026-04-24T14:54:01.835000+00:00", "description": "Date de publication: 06/03/2026 Version SEC2010_notif202603 - P\u00e9riodicit\u00e9: annuelle - Auteur: Statec - Cat\u00e9gorie: Economie et finances - Comptes nationaux - Mots-cl\u00e9s: comptes annuels, NACE Rev. 2, heures travaill\u00e9es, non-employ\u00e9es, HRN", "extras": {}, "filesize": 0, "filetype": "remote", "format": "html", "harvest": null, "id": "10be8fe1-a532-4ae0-8563-773d7d7a1379", "internal": {"created_at_internal": "2026-04-24T14:54:01.835000+00:00", "last_modified_internal": "2026-04-24T14:54:01.835000+00:00"}, "last_modified": "2026-04-24T14:54:01.835000+00:00", "latest": "https://data.public.lu/fr/datasets/r/10be8fe1-a532-4ae0-8563-773d7d7a1379", "metrics": {}, "mime": null, "preview_url": null, "schema": null, "title": "Heures travaill\u00e9es (non-employ\u00e9es) par branche (NaceR2) (en 1000 heures travaill\u00e9es) - annuelle", "type": "main", "url": "https://lustat.statec.lu/vis?df[ds]=ds-release&vw=tb&df[ag]=LU1&df[id]=DF_E2314"}, {"checksum": null, "created_at": "2026-04-24T14:54:01.835000+00:00", "description": "Date de publication: 06/03/2026 Version SEC2010_notif202603 - P\u00e9riodicit\u00e9 : annuelle - Auteur: Statec - Cat\u00e9gorie: Economie et finances - Comptes nationaux - Mots-cl\u00e9s: comptes nationaux, comptes annuels, principaux agr\u00e9gats, trois approches, prix courants , PIB, RNB", "extras": {}, "filesize": 0, "filetype": "remote", "format": "html", "harvest": null, "id": "5cda3a11-3961-4db7-80ad-4630901606d9", "internal": {"created_at_internal": "2026-04-24T14:54:01.835000+00:00", "last_modified_internal": "2026-04-24T14:54:01.835000+00:00"}, "last_modified": "2026-04-24T14:54:01.835000+00:00", "latest": "https://data.public.lu/fr/datasets/r/5cda3a11-3961-4db7-80ad-4630901606d9", "metrics": {}, "mime": null, "preview_url": null, "schema": null, "title": "Principaux agr\u00e9gats: trois approches (prix courants) (en millions EUR) - annuelle", "type": "main", "url": "https://lustat.statec.lu/vis?df[ds]=ds-release&vw=tb&df[ag]=LU1&df[id]=DF_E2100"}, {"checksum": null, "created_at": "2026-04-24T14:54:01.835000+00:00", "description": "Date de publication: 05/06/2026  Version SEC2010_notif202606 - P\u00e9riodicit\u00e9 : trimestrielle - Auteur: Statec - Cat\u00e9gorie: Economie et finances - Comptes nationaux - Mots-cl\u00e9s: comptes trimestriels, NACE Rev. 2, valeur ajout\u00e9e brute, VAB, prix courants", "extras": {}, "filesize": 0, "filetype": "remote", "format": "html", "harvest": null, "id": "6205fcba-a686-4668-b361-17b277d3813d", "internal": {"created_at_internal": "2026-04-24T14:54:01.835000+00:00", "last_modified_internal": "2026-06-05T21:01:15.666000+00:00"}, "last_modified": "2026-06-05T21:01:15.666000+00:00", "latest": "https://data.public.lu/fr/datasets/r/6205fcba-a686-4668-b361-17b277d3813d", "metrics": {}, "mime": null, "preview_url": null, "schema": null, "title": "Valeur ajout\u00e9e brute aux prix de base par branche (NaceR2) (prix courants) (en millions EUR)", "type": "main", "url": "https://lustat.statec.lu/vis?df[ds]=ds-release&vw=tb&df[ag]=LU1&df[id]=DF_E2600"}, {"checksum": null, "created_at": "2026-04-24T14:54:01.835000+00:00", "description": "Date de publication: 05/06/2026  Version SEC2010_notif202606 - P\u00e9riodicit\u00e9 : trimestrielle - Auteur: Statec - Cat\u00e9gorie: Economie et finances - Comptes nationaux - Mots-cl\u00e9s: comptes trimestriels,  principaux agr\u00e9gats, VAB, PIB, DCF, FBCF, import, export, prix constants, d\u00e9saisonnalis\u00e9, croissance", "extras": {}, "filesize": 0, "filetype": "remote", "format": "html", "harvest": null, "id": "ca24f28b-a758-4384-b710-2dc5b8351ed3", "internal": {"created_at_internal": "2026-04-24T14:54:01.835000+00:00", "last_modified_internal": "2026-06-05T21:01:15.907000+00:00"}, "last_modified": "2026-06-05T21:01:15.907000+00:00", "latest": "https://data.public.lu/fr/datasets/r/ca24f28b-a758-4384-b710-2dc5b8351ed3", "metrics": {}, "mime": null, "preview_url": null, "schema": null, "title": "Evolution des principaux agr\u00e9gats COP15 d\u00e9saisonnalis\u00e9s: Variation d'un trimestre par rapport au trimestre pr\u00e9c\u00e9dent (en % de variation)", "type": "main", "url": "https://lustat.statec.lu/vis?df[ds]=ds-release&vw=tb&df[ag]=LU1&df[id]=DF_E2506"}, {"checksum": null, "created_at": "2026-04-24T14:54:01.835000+00:00", "description": "Date de publication: 06/03/2026 Version SEC2010_notif202603 - P\u00e9riodicit\u00e9 : annuelle - Auteur: Statec - Cat\u00e9gorie: Economie et finances - Comptes nationaux - Mots-cl\u00e9s: comptes nationaux, comptes annuels, principaux agr\u00e9gats, trois approches, prix constants, PIB", "extras": {}, "filesize": 0, "filetype": "remote", "format": "html", "harvest": null, "id": "06fd7e82-16db-4ee6-b8e5-fcc0969f1822", "internal": {"created_at_internal": "2026-04-24T14:54:01.835000+00:00", "last_modified_internal": "2026-04-24T14:54:01.835000+00:00"}, "last_modified": "2026-04-24T14:54:01.835000+00:00", "latest": "https://data.public.lu/fr/datasets/r/06fd7e82-16db-4ee6-b8e5-fcc0969f1822", "metrics": {}, "mime": null, "preview_url": null, "schema": null, "title": "Principaux agr\u00e9gats: trois approches (volumes cha\u00een\u00e9s; 2015)", "type": "main", "url": "https://lustat.statec.lu/vis?df[ds]=ds-release&vw=tb&df[ag]=LU1&df[id]=DF_E2101"}, {"checksum": null, "created_at": "2026-04-24T14:54:01.835000+00:00", "description": "Date de publication: 06/03/2026 Version SEC2010_notif202603 - P\u00e9riodicit\u00e9: annuelle - Auteur: Statec - Cat\u00e9gorie: Economie et finances - Comptes nationaux - Mots-cl\u00e9s: comptes annuels, NACE Rev. 2, structure, valeurs ajout\u00e9es brutes , VAB", "extras": {}, "filesize": 0, "filetype": "remote", "format": "html", "harvest": null, "id": "a4938dff-276b-4000-a737-a23744f35b3a", "internal": {"created_at_internal": "2026-04-24T14:54:01.835000+00:00", "last_modified_internal": "2026-04-24T14:54:01.835000+00:00"}, "last_modified": "2026-04-24T14:54:01.835000+00:00", "latest": "https://data.public.lu/fr/datasets/r/a4938dff-276b-4000-a737-a23744f35b3a", "metrics": {}, "mime": null, "preview_url": null, "schema": null, "title": "Structure de la somme des valeurs ajout\u00e9es brutes aux prix de base (NaceR2) (en % du total)", "type": "main", "url": "https://lustat.statec.lu/vis?df[ds]=ds-release&vw=tb&df[ag]=LU1&df[id]=DF_E2322"}, {"checksum": null, "created_at": "2026-04-24T14:54:01.835000+00:00", "description": "Date de publication: 05/06/2026  Version SEC2010_notif202606 - P\u00e9riodicit\u00e9 : trimestrielle - Auteur: Statec - Cat\u00e9gorie: Economie et finances - Comptes nationaux - Mots-cl\u00e9s: comptes trimestriels, NACE Rev. 2, valeur ajout\u00e9e brute, VAB, prix constants", "extras": {}, "filesize": 0, "filetype": "remote", "format": "html", "harvest": null, "id": "a1e86d69-17b1-4880-9e3d-8422587ed6c1", "internal": {"created_at_internal": "2026-04-24T14:54:01.835000+00:00", "last_modified_internal": "2026-06-05T21:01:16.154000+00:00"}, "last_modified": "2026-06-05T21:01:16.154000+00:00", "latest": "https://data.public.lu/fr/datasets/r/a1e86d69-17b1-4880-9e3d-8422587ed6c1", "metrics": {}, "mime": null, "preview_url": null, "schema": null, "title": "Valeur ajout\u00e9e brute aux prix de base par branche (NaceR2) (volumes cha\u00een\u00e9s; 2015)", "type": "main", "url": "https://lustat.statec.lu/vis?df[ds]=ds-release&vw=tb&df[ag]=LU1&df[id]=DF_E2601"}, {"checksum": null, "created_at": "2026-04-24T14:54:01.835000+00:00", "description": "Date de publication: 06/03/2026 Version SEC2010_notif202603 - P\u00e9riodicit\u00e9 : annuelle - Auteur: Statec - Cat\u00e9gorie: Economie et finances - Comptes nationaux - Mots-cl\u00e9s: comptes annuels, principaux agr\u00e9gats, trois approches, prix constants, croissance, PIB", "extras": {}, "filesize": 0, "filetype": "remote", "format": "html", "harvest": null, "id": "5c7993fa-0d22-4778-b96c-fbad74406735", "internal": {"created_at_internal": "2026-04-24T14:54:01.835000+00:00", "last_modified_internal": "2026-04-24T14:54:01.835000+00:00"}, "last_modified": "2026-04-24T14:54:01.835000+00:00", "latest": "https://data.public.lu/fr/datasets/r/5c7993fa-0d22-4778-b96c-fbad74406735", "metrics": {}, "mime": null, "preview_url": null, "schema": null, "title": "Evolution principaux agr\u00e9gats: trois approches (en % de variation des volumes cha\u00een\u00e9s; 2015)", "type": "main", "url": "https://lustat.statec.lu/vis?df[ds]=ds-release&vw=tb&df[ag]=LU1&df[id]=DF_E2102"}, {"checksum": null, "created_at": "2026-04-24T14:54:01.835000+00:00", "description": "Date de publication: 05/06/2026  Version SEC2010_notif202606 - P\u00e9riodicit\u00e9 : trimestrielle - Auteur: Statec - Cat\u00e9gorie: Economie et finances - Comptes nationaux - Mots-cl\u00e9s: comptes trimestriels, principaux agr\u00e9gats, VAB, PIB, DCF, FBCF, import, export, prix courants, ajust\u00e9 des jours ouvrables", "extras": {}, "filesize": 0, "filetype": "remote", "format": "html", "harvest": null, "id": "a52fbfae-7494-4998-86f2-6bd826138c53", "internal": {"created_at_internal": "2026-04-24T14:54:01.835000+00:00", "last_modified_internal": "2026-06-05T21:01:16.408000+00:00"}, "last_modified": "2026-06-05T21:01:16.408000+00:00", "latest": "https://data.public.lu/fr/datasets/r/a52fbfae-7494-4998-86f2-6bd826138c53", "metrics": {}, "mime": null, "preview_url": null, "schema": null, "title": "Principaux agr\u00e9gats: trois approches ajust\u00e9es des jours ouvrables (prix courants) (en millions EUR)", "type": "main", "url": "https://lustat.statec.lu/vis?df[ds]=ds-release&vw=tb&df[ag]=LU1&df[id]=DF_E2507"}, {"checksum": null, "created_at": "2026-04-24T14:54:01.835000+00:00", "description": "Date de publication: 05/06/2026  Version SEC2010_notif202606 - P\u00e9riodicit\u00e9 : trimestrielle - Auteur: Statec - Cat\u00e9gorie: Economie et finances - Comptes nationaux - Mots-cl\u00e9s: comptes trimestriels, NACE Rev. 2, valeur ajout\u00e9e brute, VAB, prix constants, d\u00e9saisonnalis\u00e9", "extras": {}, "filesize": 0, "filetype": "remote", "format": "html", "harvest": null, "id": "9059d0ba-1aa8-42cc-b3f8-9eea4dab174d", "internal": {"created_at_internal": "2026-04-24T14:54:01.835000+00:00", "last_modified_internal": "2026-06-05T21:01:16.664000+00:00"}, "last_modified": "2026-06-05T21:01:16.664000+00:00", "latest": "https://data.public.lu/fr/datasets/r/9059d0ba-1aa8-42cc-b3f8-9eea4dab174d", "metrics": {}, "mime": null, "preview_url": null, "schema": null, "title": "Valeur ajout\u00e9e brute aux prix de base par branche (NaceR2) (volumes cha\u00een\u00e9s; 2015; d\u00e9saisonnalis\u00e9e)", "type": "main", "url": "https://lustat.statec.lu/vis?df[ds]=ds-release&vw=tb&df[ag]=LU1&df[id]=DF_E2602"}, {"checksum": null, "created_at": "2026-04-24T14:54:01.835000+00:00", "description": "Date de publication: 06/03/2026 Version SEC2010_notif202603 - P\u00e9riodicit\u00e9:  annuelle - Auteur: Statec - Cat\u00e9gorie: Economie et finances - Comptes nationaux - Mots-cl\u00e9s: comptes annuels, contribution, croissance, approche production", "extras": {}, "filesize": 0, "filetype": "remote", "format": "html", "harvest": null, "id": "95d22762-7e1b-4e43-b638-91688ef639d2", "internal": {"created_at_internal": "2026-04-24T14:54:01.835000+00:00", "last_modified_internal": "2026-04-24T14:54:01.835000+00:00"}, "last_modified": "2026-04-24T14:54:01.835000+00:00", "latest": "https://data.public.lu/fr/datasets/r/95d22762-7e1b-4e43-b638-91688ef639d2", "metrics": {}, "mime": null, "preview_url": null, "schema": null, "title": "Contribution des agr\u00e9gats \u00e0 la croissance en volume du PIB dans l'approche production (variation en %)", "type": "main", "url": "https://lustat.statec.lu/vis?df[ds]=ds-release&vw=tb&df[ag]=LU1&df[id]=DF_E2103"}, {"checksum": null, "created_at": "2026-04-24T14:54:01.835000+00:00", "description": "Date de publication: 05/06/2026  Version SEC2010_notif202606 - P\u00e9riodicit\u00e9 : trimestrielle - Auteur: Statec - Cat\u00e9gorie: Economie et finances - Comptes nationaux - Mots-cl\u00e9s: comptes trimestriels, NACE Rev. 2, emploi total, ETO", "extras": {}, "filesize": 0, "filetype": "remote", "format": "html", "harvest": null, "id": "7b74f818-432a-43ab-8d72-a6586b348f6d", "internal": {"created_at_internal": "2026-04-24T14:54:01.835000+00:00", "last_modified_internal": "2026-06-05T21:01:16.909000+00:00"}, "last_modified": "2026-06-05T21:01:16.909000+00:00", "latest": "https://data.public.lu/fr/datasets/r/7b74f818-432a-43ab-8d72-a6586b348f6d", "metrics": {}, "mime": null, "preview_url": null, "schema": null, "title": "Emploi total par branche (NaceR2) (en 1 000 personnes)", "type": "main", "url": "https://lustat.statec.lu/vis?df[ds]=ds-release&vw=tb&df[ag]=LU1&df[id]=DF_E2603"}, {"checksum": null, "created_at": "2026-04-24T14:54:01.835000+00:00", "description": "Date de publication: 05/06/2026  Version SEC2010_notif202606 - P\u00e9riodicit\u00e9 : trimestrielle - Auteur: Statec - Cat\u00e9gorie: Economie et finances - Comptes nationaux - Mots-cl\u00e9s: comptes trimestriels, principaux agr\u00e9gats, VAB, PIB, DCF, FBCF, import, export, prix constants, ajust\u00e9 des jours ouvrables", "extras": {}, "filesize": 0, "filetype": "remote", "format": "html", "harvest": null, "id": "f06aba8a-3676-4e03-b237-33ce2328930d", "internal": {"created_at_internal": "2026-04-24T14:54:01.835000+00:00", "last_modified_internal": "2026-06-05T21:01:17.168000+00:00"}, "last_modified": "2026-06-05T21:01:17.168000+00:00", "latest": "https://data.public.lu/fr/datasets/r/f06aba8a-3676-4e03-b237-33ce2328930d", "metrics": {}, "mime": null, "preview_url": null, "schema": null, "title": "Principaux agr\u00e9gats: trois approches ajust\u00e9es des jours ouvrables (volumes cha\u00een\u00e9s; 2015)", "type": "main", "url": "https://lustat.statec.lu/vis?df[ds]=ds-release&vw=tb&df[ag]=LU1&df[id]=DF_E2508"}, {"checksum": null, "created_at": "2026-04-24T14:54:01.836000+00:00", "description": "Date de publication: 06/03/2026 Version SEC2010_notif202603 - P\u00e9riodicit\u00e9:  annuelle - Auteur: Statec - Cat\u00e9gorie: Economie et finances - Comptes nationaux - Mots-cl\u00e9s: comptes annuels, contribution, croissance, approche d\u00e9pense", "extras": {}, "filesize": 0, "filetype": "remote", "format": "html", "harvest": null, "id": "356fe3ac-9cb9-4206-bd35-cfe9dd3ee6f3", "internal": {"created_at_internal": "2026-04-24T14:54:01.836000+00:00", "last_modified_internal": "2026-04-24T14:54:01.836000+00:00"}, "last_modified": "2026-04-24T14:54:01.836000+00:00", "latest": "https://data.public.lu/fr/datasets/r/356fe3ac-9cb9-4206-bd35-cfe9dd3ee6f3", "metrics": {}, "mime": null, "preview_url": null, "schema": null, "title": "Contribution des agr\u00e9gats \u00e0 la croissance r\u00e9elle du PIB dans l'approche d\u00e9penses (variation en %)", "type": "main", "url": "https://lustat.statec.lu/vis?df[ds]=ds-release&vw=tb&df[ag]=LU1&df[id]=DF_E2104"}, {"checksum": null, "created_at": "2026-04-24T14:54:01.836000+00:00", "description": "Date de publication: 05/06/2026  Version SEC2010_notif202606 - P\u00e9riodicit\u00e9 : trimestrielle - Auteur: Statec - Cat\u00e9gorie: Economie et finances - Comptes nationaux - Mots-cl\u00e9s: comptes trimestriels, NACE Rev. 2, emploi salari\u00e9, EEM", "extras": {}, "filesize": 0, "filetype": "remote", "format": "html", "harvest": null, "id": "298ac9b3-d07d-442f-a75b-b133d1cbea5d", "internal": {"created_at_internal": "2026-04-24T14:54:01.836000+00:00", "last_modified_internal": "2026-06-05T21:01:17.411000+00:00"}, "last_modified": "2026-06-05T21:01:17.411000+00:00", "latest": "https://data.public.lu/fr/datasets/r/298ac9b3-d07d-442f-a75b-b133d1cbea5d", "metrics": {}, "mime": null, "preview_url": null, "schema": null, "title": "Emploi salari\u00e9 (EEM) par branche (NaceR2) (en 1 000 personnes) - trimestrielle", "type": "main", "url": "https://lustat.statec.lu/vis?df[ds]=ds-release&vw=tb&df[ag]=LU1&df[id]=DF_E2604"}, {"checksum": null, "created_at": "2026-04-24T14:54:01.836000+00:00", "description": "Date de publication: 05/06/2026  Version SEC2010_notif202606 - P\u00e9riodicit\u00e9 : trimestrielle - Auteur: Statec - Cat\u00e9gorie: Economie et finances - Comptes nationaux - Mots-cl\u00e9s: comptes trimestriels, principaux agr\u00e9gats, VAB, PIB, DCF, FBCF, import, export, prix constants, ajust\u00e9 des jours ouvrables, croissance", "extras": {}, "filesize": 0, "filetype": "remote", "format": "html", "harvest": null, "id": "9b16d5db-568d-4ff8-9d2b-6b5325d4049f", "internal": {"created_at_internal": "2026-04-24T14:54:01.836000+00:00", "last_modified_internal": "2026-06-05T21:01:17.668000+00:00"}, "last_modified": "2026-06-05T21:01:17.668000+00:00", "latest": "https://data.public.lu/fr/datasets/r/9b16d5db-568d-4ff8-9d2b-6b5325d4049f", "metrics": {}, "mime": null, "preview_url": null, "schema": null, "title": "Evolution des principaux agr\u00e9gats COP15 ajust\u00e9s des jours ouvrables: Variation d'un trimestre par rapport au m\u00eame trimestre de l'ann\u00e9e pr\u00e9c\u00e9dente (en % de variation)", "type": "main", "url": "https://lustat.statec.lu/vis?df[ds]=ds-release&vw=tb&df[ag]=LU1&df[id]=DF_E2509"}, {"checksum": null, "created_at": "2026-04-24T14:54:01.836000+00:00", "description": "Date de publication: 06/03/2026 Version SEC2010_notif202603 - P\u00e9riodicit\u00e9:  annuelle - Auteur: Statec - Cat\u00e9gorie: Economie et finances - Comptes nationaux - Mots-cl\u00e9s: comptes annuels, PIB, RNB, population, emploi", "extras": {}, "filesize": 0, "filetype": "remote", "format": "html", "harvest": null, "id": "a7211fe7-cfb2-40c2-9138-30f1dce818f6", "internal": {"created_at_internal": "2026-04-24T14:54:01.836000+00:00", "last_modified_internal": "2026-04-24T14:54:01.836000+00:00"}, "last_modified": "2026-04-24T14:54:01.836000+00:00", "latest": "https://data.public.lu/fr/datasets/r/a7211fe7-cfb2-40c2-9138-30f1dce818f6", "metrics": {}, "mime": null, "preview_url": null, "schema": null, "title": "Agr\u00e9gats rapport\u00e9s \u00e0 la population et \u00e0 l'emploi (en milliers EUR)", "type": "main", "url": "https://lustat.statec.lu/vis?df[ds]=ds-release&vw=tb&df[ag]=LU1&df[id]=DF_E2105"}, {"checksum": null, "created_at": "2026-04-24T14:54:01.836000+00:00", "description": "Date de publication: 05/06/2026  Version SEC2010_notif202606 - P\u00e9riodicit\u00e9 : trimestrielle - Auteur: Statec - Cat\u00e9gorie: Economie et finances - Comptes nationaux - Mots-cl\u00e9s: comptes trimestriels, principaux agr\u00e9gats, VAB, PIB, DCF, FBCF, import, export, prix constants, ajust\u00e9 des jours ouvrables, croissance", "extras": {}, "filesize": 0, "filetype": "remote", "format": "html", "harvest": null, "id": "7fec0874-a6f6-4ea9-adf0-273cc4cd26c8", "internal": {"created_at_internal": "2026-04-24T14:54:01.836000+00:00", "last_modified_internal": "2026-06-05T21:01:17.915000+00:00"}, "last_modified": "2026-06-05T21:01:17.915000+00:00", "latest": "https://data.public.lu/fr/datasets/r/7fec0874-a6f6-4ea9-adf0-273cc4cd26c8", "metrics": {}, "mime": null, "preview_url": null, "schema": null, "title": "Evolution des principaux agr\u00e9gats COP15 ajust\u00e9s des jours ouvrables: Variation d'un trimestre par rapport au trimestre pr\u00e9c\u00e9dent (en % de variation)", "type": "main", "url": "https://lustat.statec.lu/vis?df[ds]=ds-release&vw=tb&df[ag]=LU1&df[id]=DF_E2510"}, {"checksum": null, "created_at": "2026-04-24T14:54:01.836000+00:00", "description": "Date de publication: 05/06/2026  Version SEC2010_notif202606 - P\u00e9riodicit\u00e9 : trimestrielle - Auteur: Statec - Cat\u00e9gorie: Economie et finances - Comptes nationaux - Mots-cl\u00e9s: comptes trimestriels, NACE Rev. 2, travailleurs ind\u00e9pendants , ESE", "extras": {}, "filesize": 0, "filetype": "remote", "format": "html", "harvest": null, "id": "313d136d-b3c9-4687-94b5-27be128f04a3", "internal": {"created_at_internal": "2026-04-24T14:54:01.836000+00:00", "last_modified_internal": "2026-06-05T21:01:18.166000+00:00"}, "last_modified": "2026-06-05T21:01:18.166000+00:00", "latest": "https://data.public.lu/fr/datasets/r/313d136d-b3c9-4687-94b5-27be128f04a3", "metrics": {}, "mime": null, "preview_url": null, "schema": null, "title": "Travailleurs ind\u00e9pendants (ESE) par branche (NaceR2) (en 1 000 personnes) - trimestrielle", "type": "main", "url": "https://lustat.statec.lu/vis?df[ds]=ds-release&vw=tb&df[ag]=LU1&df[id]=DF_E2605"}, {"checksum": null, "created_at": "2026-04-24T14:54:01.836000+00:00", "description": "Date de publication: 05/06/2026  Version SEC2010_notif202606 - P\u00e9riodicit\u00e9 : trimestrielle - Auteur: Statec - Cat\u00e9gorie: Economie et finances - Comptes nationaux - Mots-cl\u00e9s: comptes trimestriels,  contributions, croissance", "extras": {}, "filesize": 0, "filetype": "remote", "format": "html", "harvest": null, "id": "4fe6ce20-5c2a-438a-bba5-c351d5ed1e4a", "internal": {"created_at_internal": "2026-04-24T14:54:01.836000+00:00", "last_modified_internal": "2026-06-05T21:01:18.421000+00:00"}, "last_modified": "2026-06-05T21:01:18.421000+00:00", "latest": "https://data.public.lu/fr/datasets/r/4fe6ce20-5c2a-438a-bba5-c351d5ed1e4a", "metrics": {}, "mime": null, "preview_url": null, "schema": null, "title": "Contributions \u00e0 la croissance COP15: Variation d'un trimestre par rapport au trimestre pr\u00e9c\u00e9dent (qoq) (en % de variation)", "type": "main", "url": "https://lustat.statec.lu/vis?df[ds]=ds-release&vw=tb&df[ag]=LU1&df[id]=DF_E2511"}, {"checksum": null, "created_at": "2026-04-24T14:54:01.836000+00:00", "description": "Date de publication: 06/03/2026 Version SEC2010_notif202603 - P\u00e9riodicit\u00e9 : annuelle - Auteur: Statec - Cat\u00e9gorie: Economie et finances - Comptes nationaux - Mots-cl\u00e9s: comptes annuels, d\u00e9pense de consommation finale des m\u00e9nages, dcf, prix courants", "extras": {}, "filesize": 0, "filetype": "remote", "format": "html", "harvest": null, "id": "de1d81c6-31cc-4727-8b21-741d9a41f245", "internal": {"created_at_internal": "2026-04-24T14:54:01.836000+00:00", "last_modified_internal": "2026-04-24T14:54:01.836000+00:00"}, "last_modified": "2026-04-24T14:54:01.836000+00:00", "latest": "https://data.public.lu/fr/datasets/r/de1d81c6-31cc-4727-8b21-741d9a41f245", "metrics": {}, "mime": null, "preview_url": null, "schema": null, "title": "D\u00e9pense de consommation finale des m\u00e9nages (prix courants) (en millions EUR)", "type": "main", "url": "https://lustat.statec.lu/vis?df[ds]=ds-release&vw=tb&df[ag]=LU1&df[id]=DF_E2106"}, {"checksum": null, "created_at": "2026-04-24T14:54:01.836000+00:00", "description": "Date de publication: 05/06/2026  Version SEC2010_notif202606 - P\u00e9riodicit\u00e9 : trimestrielle - Auteur: Statec - Cat\u00e9gorie: Economie et finances - Comptes nationaux - Mots-cl\u00e9s: comptes trimestriels, NACE Rev. 2, r\u00e9mun\u00e9ration des salari\u00e9s, D1", "extras": {}, "filesize": 0, "filetype": "remote", "format": "html", "harvest": null, "id": "e5622800-60aa-4cc1-900a-a384c5c56e6d", "internal": {"created_at_internal": "2026-04-24T14:54:01.836000+00:00", "last_modified_internal": "2026-06-05T21:01:18.668000+00:00"}, "last_modified": "2026-06-05T21:01:18.668000+00:00", "latest": "https://data.public.lu/fr/datasets/r/e5622800-60aa-4cc1-900a-a384c5c56e6d", "metrics": {}, "mime": null, "preview_url": null, "schema": null, "title": "R\u00e9mun\u00e9ration des salari\u00e9s (D1) par branche (NaceR2) (en millions EUR) - trimestrielle", "type": "main", "url": "https://lustat.statec.lu/vis?df[ds]=ds-release&vw=tb&df[ag]=LU1&df[id]=DF_E2606"}, {"checksum": null, "created_at": "2026-04-24T14:54:01.836000+00:00", "description": "Date de publication: 05/06/2026  Version SEC2010_notif202606 - P\u00e9riodicit\u00e9: trimestrielle - Auteur: Statec - Cat\u00e9gorie: Economie et finances - Comptes nationaux - Mots-cl\u00e9s: comptes trimestriels,  contributions, croissance", "extras": {}, "filesize": 0, "filetype": "remote", "format": "html", "harvest": null, "id": "12f0ddc7-ec8f-43ad-b453-4485240b3478", "internal": {"created_at_internal": "2026-04-24T14:54:01.836000+00:00", "last_modified_internal": "2026-06-05T21:01:18.915000+00:00"}, "last_modified": "2026-06-05T21:01:18.915000+00:00", "latest": "https://data.public.lu/fr/datasets/r/12f0ddc7-ec8f-43ad-b453-4485240b3478", "metrics": {}, "mime": null, "preview_url": null, "schema": null, "title": "Contributions \u00e0 la croissance COP15: Variation d'un trimestre par rapport au m\u00eame trimestre de l'ann\u00e9e pr\u00e9c\u00e9dente (yoy) (en % de variation)", "type": "main", "url": "https://lustat.statec.lu/vis?df[ds]=ds-release&vw=tb&df[ag]=LU1&df[id]=DF_E2512"}, {"checksum": null, "created_at": "2026-04-24T14:54:01.836000+00:00", "description": "Date de publication: 06/03/2026 Version SEC2010_notif202603 - P\u00e9riodicit\u00e9 : annuelle - Auteur: Statec - Cat\u00e9gorie: Economie et finances - Comptes nationaux - Mots-cl\u00e9s: comptes annuels, d\u00e9pense de consommation finale des m\u00e9nages, dcf, prix constants", "extras": {}, "filesize": 0, "filetype": "remote", "format": "html", "harvest": null, "id": "6c67a48f-c41e-4a13-91db-b26c3d2173d3", "internal": {"created_at_internal": "2026-04-24T14:54:01.836000+00:00", "last_modified_internal": "2026-04-24T14:54:01.836000+00:00"}, "last_modified": "2026-04-24T14:54:01.836000+00:00", "latest": "https://data.public.lu/fr/datasets/r/6c67a48f-c41e-4a13-91db-b26c3d2173d3", "metrics": {}, "mime": null, "preview_url": null, "schema": null, "title": "D\u00e9pense de consommation finale des m\u00e9nages (volumes cha\u00een\u00e9s; 2015)", "type": "main", "url": "https://lustat.statec.lu/vis?df[ds]=ds-release&vw=tb&df[ag]=LU1&df[id]=DF_E2107"}, {"checksum": null, "created_at": "2026-04-24T14:54:01.836000+00:00", "description": "Date de publication: 05/06/2026  Version SEC2010_notif202606 - P\u00e9riodicit\u00e9 : trimestrielle - Auteur: Statec - Cat\u00e9gorie: Economie et finances - Comptes nationaux - Mots-cl\u00e9s: comptes trimestriels, NACE Rev. 2, heures travaill\u00e9es total, HRT", "extras": {}, "filesize": 0, "filetype": "remote", "format": "html", "harvest": null, "id": "4ee52ec9-75a7-4777-9aed-b6d342b8c47f", "internal": {"created_at_internal": "2026-04-24T14:54:01.836000+00:00", "last_modified_internal": "2026-06-05T21:01:19.172000+00:00"}, "last_modified": "2026-06-05T21:01:19.172000+00:00", "latest": "https://data.public.lu/fr/datasets/r/4ee52ec9-75a7-4777-9aed-b6d342b8c47f", "metrics": {}, "mime": null, "preview_url": null, "schema": null, "title": "Heures travaill\u00e9es total (HRT) par branche (NaceR2) (en 1 000 d'heures)", "type": "main", "url": "https://lustat.statec.lu/vis?df[ds]=ds-release&vw=tb&df[ag]=LU1&df[id]=DF_E2607"}, {"checksum": null, "created_at": "2026-04-24T14:54:01.836000+00:00", "description": "Date de publication: 05/06/2026  Version SEC2010_notif202606 - P\u00e9riodicit\u00e9 : trimestrielle - Auteur: Statec - Cat\u00e9gorie: Economie et finances - Comptes nationaux - Mots-cl\u00e9s: comptes trimestriels,  contributions, croissance, d\u00e9saisonnalis\u00e9", "extras": {}, "filesize": 0, "filetype": "remote", "format": "html", "harvest": null, "id": "44a89ad7-5f36-4f9e-8b52-46f9cbf95bed", "internal": {"created_at_internal": "2026-04-24T14:54:01.836000+00:00", "last_modified_internal": "2026-06-05T21:01:19.422000+00:00"}, "last_modified": "2026-06-05T21:01:19.422000+00:00", "latest": "https://data.public.lu/fr/datasets/r/44a89ad7-5f36-4f9e-8b52-46f9cbf95bed", "metrics": {}, "mime": null, "preview_url": null, "schema": null, "title": "Contributions \u00e0 la croissance COP15 d\u00e9saisonnalis\u00e9es: Variation d'un trimestre par rapport au trimestre pr\u00e9c\u00e9dent (qoq) (en % de variation)", "type": "main", "url": "https://lustat.statec.lu/vis?df[ds]=ds-release&vw=tb&df[ag]=LU1&df[id]=DF_E2513"}, {"checksum": null, "created_at": "2026-04-24T14:54:01.836000+00:00", "description": "Date de publication: 06/03/2026 Version SEC2010_notif202603 - P\u00e9riodicit\u00e9:  annuelle - Auteur: Statec - Cat\u00e9gorie: Economie et finances - Comptes nationaux - Mots-cl\u00e9s: comptes annuels, d\u00e9pense de consommation finale des m\u00e9nages, dcf, prix courants, COICOP", "extras": {}, "filesize": 0, "filetype": "remote", "format": "html", "harvest": null, "id": "722d1a3b-55e7-4e3d-b282-e7ba136cacf9", "internal": {"created_at_internal": "2026-04-24T14:54:01.836000+00:00", "last_modified_internal": "2026-04-24T14:54:01.836000+00:00"}, "last_modified": "2026-04-24T14:54:01.836000+00:00", "latest": "https://data.public.lu/fr/datasets/r/722d1a3b-55e7-4e3d-b282-e7ba136cacf9", "metrics": {}, "mime": null, "preview_url": null, "schema": null, "title": "D\u00e9pense de consommation finale des m\u00e9nages par fonction (prix courants) (en millions EUR)", "type": "main", "url": "https://lustat.statec.lu/vis?df[ds]=ds-release&vw=tb&df[ag]=LU1&df[id]=DF_E2108"}, {"checksum": null, "created_at": "2026-04-24T14:54:01.836000+00:00", "description": "Date de publication: 05/06/2026  Version SEC2010_notif202606 - P\u00e9riodicit\u00e9 : trimestrielle - Auteur: Statec - Cat\u00e9gorie: Economie et finances - Comptes nationaux - Mots-cl\u00e9s: comptes trimestriels, NACE Rev. 2, heures travaill\u00e9es des salari\u00e9s, HRS", "extras": {}, "filesize": 0, "filetype": "remote", "format": "html", "harvest": null, "id": "5d75a9ae-e5bf-4ea6-a80f-3239dd10b0e4", "internal": {"created_at_internal": "2026-04-24T14:54:01.836000+00:00", "last_modified_internal": "2026-06-05T21:01:19.673000+00:00"}, "last_modified": "2026-06-05T21:01:19.673000+00:00", "latest": "https://data.public.lu/fr/datasets/r/5d75a9ae-e5bf-4ea6-a80f-3239dd10b0e4", "metrics": {}, "mime": null, "preview_url": null, "schema": null, "title": "Heures travaill\u00e9es des salari\u00e9s (HRS) par branche (NaceR2) (en 1 000 d'heures)", "type": "main", "url": "https://lustat.statec.lu/vis?df[ds]=ds-release&vw=tb&df[ag]=LU1&df[id]=DF_E2608"}, {"checksum": null, "created_at": "2026-04-24T14:54:01.837000+00:00", "description": "Date de publication: 27/06/2026 -  P\u00e9riodicit\u00e9:  annuelle - Source: STATEC - Cat\u00e9gorie: Economie et finances - Comptes nationaux - Mots-cl\u00e9s: EPEA, comptes, SCEE<br></b>*** Remplac\u00e9 par table DSD_ENV_EPE@DF_E2710***<b>", "extras": {}, "filesize": 0, "filetype": "remote", "format": "html", "harvest": null, "id": "55641124-0615-4253-8085-2872aa754135", "internal": {"created_at_internal": "2026-04-24T14:54:01.837000+00:00", "last_modified_internal": "2026-06-27T21:00:55.487000+00:00"}, "last_modified": "2026-06-27T21:00:55.487000+00:00", "latest": "https://data.public.lu/fr/datasets/r/55641124-0615-4253-8085-2872aa754135", "metrics": {}, "mime": null, "preview_url": null, "schema": null, "title": "Comptes de d\u00e9penses en protection environnementale du secteur priv\u00e9 (en millions EUR)  2008-2011", "type": "main", "url": "https://lustat.statec.lu/vis?df[ds]=ds-release&vw=tb&df[ag]=LU1&df[id]=DF_E2710"}, {"checksum": null, "created_at": "2026-04-24T14:54:01.837000+00:00", "description": "Date de publication: 27/06/2026 -  P\u00e9riodicit\u00e9:  annuelle - Source: STATEC - Cat\u00e9gorie: Economie et finances - Comptes nationaux - Mots-cl\u00e9s: EPEA, comptes, SCEE<br><b>*** Remplac\u00e9 par table DSD_ENV_EPE@DF_E2709***</b>", "extras": {}, "filesize": 0, "filetype": "remote", "format": "html", "harvest": null, "id": "69974f85-1aa7-4cd3-9e76-a4b36d6af118", "internal": {"created_at_internal": "2026-04-24T14:54:01.837000+00:00", "last_modified_internal": "2026-06-27T21:00:55.736000+00:00"}, "last_modified": "2026-06-27T21:00:55.736000+00:00", "latest": "https://data.public.lu/fr/datasets/r/69974f85-1aa7-4cd3-9e76-a4b36d6af118", "metrics": {}, "mime": null, "preview_url": null, "schema": null, "title": "Comptes de d\u00e9penses en protection environnementale du secteur public (en millions EUR)  2008-2011", "type": "main", "url": "https://lustat.statec.lu/vis?df[ds]=ds-release&vw=tb&df[ag]=LU1&df[id]=DF_E2709"}, {"checksum": null, "created_at": "2026-04-24T14:54:01.837000+00:00", "description": "Date de publication: 31/01/2026 - P\u00e9riodicit\u00e9: annuelle - Source: STATEC - Cat\u00e9gorie: Economie et finances - Comptes nationaux - Mots-cl\u00e9s: EGSS, comptes, SCEE<br><b>*** Remplace table DF_E2710***</b>", "extras": {}, "filesize": 0, "filetype": "remote", "format": "html", "harvest": null, "id": "907ac74d-1de8-42fc-bdd7-af6b35e64717", "internal": {"created_at_internal": "2026-04-24T14:54:01.837000+00:00", "last_modified_internal": "2026-04-24T14:54:01.837000+00:00"}, "last_modified": "2026-04-24T14:54:01.837000+00:00", "latest": "https://data.public.lu/fr/datasets/r/907ac74d-1de8-42fc-bdd7-af6b35e64717", "metrics": {}, "mime": null, "preview_url": null, "schema": null, "title": "Comptes de d\u00e9penses en protection environnementale selon le secteur priv\u00e9e", "type": "main", "url": "https://lustat.statec.lu/vis?df[ds]=ds-release&vw=tb&df[ag]=LU1&df[id]=DSD_ENV_EPE@DF_E2710"}, {"checksum": null, "created_at": "2026-04-24T14:54:01.837000+00:00", "description": "Date de publication: 20/05/2026 - P\u00e9riodicit\u00e9: annuelle - Source: STATEC - Cat\u00e9gorie: Economie et finances - Comptes nationaux - Mots-cl\u00e9s: EGSS, comptes, SCEE, ISBLSM, EPE, EPEA<br><b>*** Remplace table DF_E2709***</b>", "extras": {}, "filesize": 0, "filetype": "remote", "format": "html", "harvest": null, "id": "924f5547-6a02-47e2-bd04-1509d401b30c", "internal": {"created_at_internal": "2026-04-24T14:54:01.837000+00:00", "last_modified_internal": "2026-05-20T21:01:01.469000+00:00"}, "last_modified": "2026-05-20T21:01:01.469000+00:00", "latest": "https://data.public.lu/fr/datasets/r/924f5547-6a02-47e2-bd04-1509d401b30c", "metrics": {}, "mime": null, "preview_url": null, "schema": null, "title": "Comptes de d\u00e9penses en protection environnementale selon le secteur publique et les institutions sans but lucratif servant les m\u00e9nages", "type": "main", "url": "https://lustat.statec.lu/vis?df[ds]=ds-release&vw=tb&df[ag]=LU1&df[id]=DSD_ENV_EPE@DF_E2709"}, {"checksum": null, "created_at": "2026-04-24T14:54:01.837000+00:00", "description": "Date de publication: 24/03/2026 - P\u00e9riodicit\u00e9: annuelle - Source: STATEC - Cat\u00e9gorie: Economie et finances - Comptes nationaux - Mots-cl\u00e9s: EGSS, comptes, SCEE<br><b>*** Remplace table DF_E2705 ***</b>", "extras": {}, "filesize": 0, "filetype": "remote", "format": "html", "harvest": null, "id": "17f42f67-e199-4c4b-98cb-c60dc7709985", "internal": {"created_at_internal": "2026-04-24T14:54:01.837000+00:00", "last_modified_internal": "2026-04-24T14:54:01.837000+00:00"}, "last_modified": "2026-04-24T14:54:01.837000+00:00", "latest": "https://data.public.lu/fr/datasets/r/17f42f67-e199-4c4b-98cb-c60dc7709985", "metrics": {}, "mime": null, "preview_url": null, "schema": null, "title": "Comptes des biens et services environnementaux", "type": "main", "url": "https://lustat.statec.lu/vis?df[ds]=ds-release&vw=tb&df[ag]=LU1&df[id]=DSD_ENV_EGSS@DF_E2705"}, {"checksum": null, "created_at": "2026-04-24T14:54:01.837000+00:00", "description": "Date de publication: 13/05/2026 -  P\u00e9riodicit\u00e9:  annuelle - Auteur: STATEC - Cat\u00e9gorie: Economie et finances - Comptes nationaux - Mots-cl\u00e9s: MFA, comptes, SCEE", "extras": {}, "filesize": 0, "filetype": "remote", "format": "html", "harvest": null, "id": "31f4a4c2-0085-42fc-baf5-706f29e8e478", "internal": {"created_at_internal": "2026-04-24T14:54:01.837000+00:00", "last_modified_internal": "2026-05-13T21:01:27.293000+00:00"}, "last_modified": "2026-05-13T21:01:27.293000+00:00", "latest": "https://data.public.lu/fr/datasets/r/31f4a4c2-0085-42fc-baf5-706f29e8e478", "metrics": {}, "mime": null, "preview_url": null, "schema": null, "title": "Comptes des flux de mati\u00e8res (en 1 000 tonnes)", "type": "main", "url": "https://lustat.statec.lu/vis?df[ds]=ds-release&vw=tb&df[ag]=LU1&df[id]=DF_E2703"}, {"checksum": null, "created_at": "2026-04-24T14:54:01.837000+00:00", "description": "Date de publication: 23/10/2024 -  P\u00e9riodicit\u00e9:  annuelle - Auteur: STATEC - Cat\u00e9gorie: Economie et finances - Comptes nationaux - Mots-cl\u00e9s: AEA, comptes, GES, SCEE", "extras": {}, "filesize": 0, "filetype": "remote", "format": "html", "harvest": null, "id": "9098ba3c-3fc0-4d76-b5d2-a7e00afd47ff", "internal": {"created_at_internal": "2026-04-24T14:54:01.837000+00:00", "last_modified_internal": "2026-04-24T14:54:01.837000+00:00"}, "last_modified": "2026-04-24T14:54:01.837000+00:00", "latest": "https://data.public.lu/fr/datasets/r/9098ba3c-3fc0-4d76-b5d2-a7e00afd47ff", "metrics": {}, "mime": null, "preview_url": null, "schema": null, "title": "Comptes des \u00e9missions de gaz \u00e0 effet de serre", "type": "main", "url": "https://lustat.statec.lu/vis?df[ds]=ds-release&vw=tb&df[ag]=LU1&df[id]=DF_E2701"}, {"checksum": null, "created_at": "2026-04-24T14:54:01.837000+00:00", "description": "Date de publication: 23/10/2024 -  P\u00e9riodicit\u00e9:  annuelle - Auteur: STATEC - Cat\u00e9gorie: Economie et finances - Comptes nationaux - Mots-cl\u00e9s: AEA, comptes, GES, SCEE", "extras": {}, "filesize": 0, "filetype": "remote", "format": "html", "harvest": null, "id": "033f7767-3d21-45b0-a7d7-0841d4a03b95", "internal": {"created_at_internal": "2026-04-24T14:54:01.837000+00:00", "last_modified_internal": "2026-04-24T14:54:01.837000+00:00"}, "last_modified": "2026-04-24T14:54:01.837000+00:00", "latest": "https://data.public.lu/fr/datasets/r/033f7767-3d21-45b0-a7d7-0841d4a03b95", "metrics": {}, "mime": null, "preview_url": null, "schema": null, "title": "Comptes des \u00e9missions de polluants atmosph\u00e9riques (en tonnes)", "type": "main", "url": "https://lustat.statec.lu/vis?df[ds]=ds-release&vw=tb&df[ag]=LU1&df[id]=DF_E2702"}, {"checksum": null, "created_at": "2026-04-24T14:54:01.837000+00:00", "description": "Date de publication: 07/10/2025 - Version SEC2010_notif202510 - P\u00e9riodicit\u00e9: annuelle - Auteur: Statec - Cat\u00e9gorie: Economie et finances - Comptes nationaux - Mots-cl\u00e9s: comptes annuels, NACE Rev. 2, consommation de capital fixe, K1", "extras": {}, "filesize": 0, "filetype": "remote", "format": "html", "harvest": null, "id": "04221002-fb84-4372-86ae-d06f8200e45b", "internal": {"created_at_internal": "2026-04-24T14:54:01.837000+00:00", "last_modified_internal": "2026-04-24T14:54:01.837000+00:00"}, "last_modified": "2026-04-24T14:54:01.837000+00:00", "latest": "https://data.public.lu/fr/datasets/r/04221002-fb84-4372-86ae-d06f8200e45b", "metrics": {}, "mime": null, "preview_url": null, "schema": null, "title": "Consommation de capital fixe (K1) par branche (NaceR2) (en millions EUR)", "type": "main", "url": "https://lustat.statec.lu/vis?df[ds]=ds-release&vw=tb&df[ag]=LU1&df[id]=DF_E2308"}, {"checksum": null, "created_at": "2026-04-24T14:54:01.837000+00:00", "description": "Date de publication: 22/08/2024 - P\u00e9riodicit\u00e9 :  annuelle - Auteur: STATEC,comptes nationaux - Cat\u00e9gorie: Tourisme - Mots-cl\u00e9s: Tourisme", "extras": {}, "filesize": 0, "filetype": "remote", "format": "html", "harvest": null, "id": "c6440d03-1ad0-47cc-946c-881205d3acca", "internal": {"created_at_internal": "2026-04-24T14:54:01.837000+00:00", "last_modified_internal": "2026-04-24T14:54:01.837000+00:00"}, "last_modified": "2026-04-24T14:54:01.837000+00:00", "latest": "https://data.public.lu/fr/datasets/r/c6440d03-1ad0-47cc-946c-881205d3acca", "metrics": {}, "mime": null, "preview_url": null, "schema": null, "title": "Consommation du tourisme int\u00e9rieur par produit", "type": "main", "url": "https://lustat.statec.lu/vis?df[ds]=ds-release&vw=tb&df[ag]=LU1&df[id]=DF_E2921"}, {"checksum": null, "created_at": "2026-04-24T14:54:01.837000+00:00", "description": "Date de publication: 05/06/2026  Version SEC2010_notif202606 - P\u00e9riodicit\u00e9 : trimestrielle - Auteur: Statec - Cat\u00e9gorie: Economie et finances - Comptes nationaux - Mots-cl\u00e9s: comptes trimestriels,  contributions, croissance, d\u00e9saisonnalis\u00e9", "extras": {}, "filesize": 0, "filetype": "remote", "format": "html", "harvest": null, "id": "467618db-7128-4bc8-b023-23e2edd39195", "internal": {"created_at_internal": "2026-04-24T14:54:01.837000+00:00", "last_modified_internal": "2026-06-05T21:01:19.918000+00:00"}, "last_modified": "2026-06-05T21:01:19.918000+00:00", "latest": "https://data.public.lu/fr/datasets/r/467618db-7128-4bc8-b023-23e2edd39195", "metrics": {}, "mime": null, "preview_url": null, "schema": null, "title": "Contributions \u00e0 la croissance COP15 d\u00e9saisonnalis\u00e9es: Variation d'un trimestre par rapport au m\u00eame trimestre de l'ann\u00e9e pr\u00e9c\u00e9dente (yoy) (en % de variation)", "type": "main", "url": "https://lustat.statec.lu/vis?df[ds]=ds-release&vw=tb&df[ag]=LU1&df[id]=DF_E2514"}, {"checksum": null, "created_at": "2026-04-24T14:54:01.837000+00:00", "description": "Date de publication: 06/03/2026 Version SEC2010_notif202603 - P\u00e9riodicit\u00e9:  annuelle - Auteur: Statec - Cat\u00e9gorie: Economie et finances - Comptes nationaux - Mots-cl\u00e9s: comptes annuels, d\u00e9pense de consommation finale des m\u00e9nages, dcf, prix constants, COICOP", "extras": {}, "filesize": 0, "filetype": "remote", "format": "html", "harvest": null, "id": "1c02616f-5f86-44d1-8cac-e484530195e0", "internal": {"created_at_internal": "2026-04-24T14:54:01.837000+00:00", "last_modified_internal": "2026-04-24T14:54:01.837000+00:00"}, "last_modified": "2026-04-24T14:54:01.837000+00:00", "latest": "https://data.public.lu/fr/datasets/r/1c02616f-5f86-44d1-8cac-e484530195e0", "metrics": {}, "mime": null, "preview_url": null, "schema": null, "title": "D\u00e9pense de consommation finale des m\u00e9nages par fonction (volumes cha\u00een\u00e9s; 2015)", "type": "main", "url": "https://lustat.statec.lu/vis?df[ds]=ds-release&vw=tb&df[ag]=LU1&df[id]=DF_E2109"}, {"checksum": null, "created_at": "2026-04-24T14:54:01.837000+00:00", "description": "Date de publication: 07/08/2026 - P\u00e9riodicit\u00e9 :  annuelle - Auteur: STATEC, comptes nationaux - Cat\u00e9gorie: Conditions sociales - Loisirs et culture - Mots-cl\u00e9s: Culture", "extras": {}, "filesize": 0, "filetype": "remote", "format": "html", "harvest": null, "id": "c45536eb-7e9d-43dd-9df8-e6a25c177dc5", "internal": {"created_at_internal": "2026-04-24T14:54:01.837000+00:00", "last_modified_internal": "2026-08-07T21:01:18.415000+00:00"}, "last_modified": "2026-08-07T21:01:18.415000+00:00", "latest": "https://data.public.lu/fr/datasets/r/c45536eb-7e9d-43dd-9df8-e6a25c177dc5", "metrics": {}, "mime": null, "preview_url": null, "schema": null, "title": "D\u00e9penses culturelles publiques par type d'administration (en millions EUR)", "type": "main", "url": "https://lustat.statec.lu/vis?df[ds]=ds-release&vw=tb&df[ag]=LU1&df[id]=DF_E2807"}, {"checksum": null, "created_at": "2026-04-24T14:54:01.837000+00:00", "description": "Date de publication: 18/02/2025 -  P\u00e9riodicit\u00e9:  annuelle - Auteur: STATEC - Cat\u00e9gorie: Economie et finances - Comptes nationaux - Mots-cl\u00e9s: SSA, Sport, Sports, D\u00e9penses m\u00e9nages", "extras": {}, "filesize": 0, "filetype": "remote", "format": "html", "harvest": null, "id": "0b058c51-1336-4a5a-91ed-071b6ee766e3", "internal": {"created_at_internal": "2026-04-24T14:54:01.837000+00:00", "last_modified_internal": "2026-04-24T14:54:01.837000+00:00"}, "last_modified": "2026-04-24T14:54:01.837000+00:00", "latest": "https://data.public.lu/fr/datasets/r/0b058c51-1336-4a5a-91ed-071b6ee766e3", "metrics": {}, "mime": null, "preview_url": null, "schema": null, "title": "D\u00e9penses des m\u00e9nages en EUR prix courants", "type": "main", "url": "https://lustat.statec.lu/vis?df[ds]=ds-release&vw=tb&df[ag]=LU1&df[id]=DF_E2905"}, {"checksum": null, "created_at": "2026-04-24T14:54:01.838000+00:00", "description": "Date de publication: 06/08/2024 - P\u00e9riodicit\u00e9 :  annuelle - Auteur: STATEC,comptes nationaux - Cat\u00e9gorie: Tourisme - Mots-cl\u00e9s: Tourisme", "extras": {}, "filesize": 0, "filetype": "remote", "format": "html", "harvest": null, "id": "f6d94f18-0f6a-4b9a-91c3-9df513ecb6be", "internal": {"created_at_internal": "2026-04-24T14:54:01.838000+00:00", "last_modified_internal": "2026-04-24T14:54:01.838000+00:00"}, "last_modified": "2026-04-24T14:54:01.838000+00:00", "latest": "https://data.public.lu/fr/datasets/r/f6d94f18-0f6a-4b9a-91c3-9df513ecb6be", "metrics": {}, "mime": null, "preview_url": null, "schema": null, "title": "D\u00e9penses du tourisme r\u00e9cepteur, interne et \u00e9metteur par produit et cat\u00e9gorie de visiteurs", "type": "main", "url": "https://lustat.statec.lu/vis?df[ds]=ds-release&vw=tb&df[ag]=LU1&df[id]=DF_E2920"}, {"checksum": null, "created_at": "2026-04-24T14:54:01.838000+00:00", "description": "Date de publication: 26/06/2026 -  P\u00e9riodicit\u00e9:  annuelle - Source: STATEC - Cat\u00e9gorie: Economie et finances - Comptes nationaux - Mots-cl\u00e9s: EPEA, comptes, SCEE<br><b>*** Remplac\u00e9 par table DSD_ENV_EPE@DF_E2707 ***</b>", "extras": {}, "filesize": 0, "filetype": "remote", "format": "html", "harvest": null, "id": "fd61bb37-9e7f-4068-9135-326d105ab78d", "internal": {"created_at_internal": "2026-04-24T14:54:01.838000+00:00", "last_modified_internal": "2026-06-26T21:01:06.403000+00:00"}, "last_modified": "2026-06-26T21:01:06.403000+00:00", "latest": "https://data.public.lu/fr/datasets/r/fd61bb37-9e7f-4068-9135-326d105ab78d", "metrics": {}, "mime": null, "preview_url": null, "schema": null, "title": "D\u00e9penses nationales en protection environnementale par fonction et types de d\u00e9penses 2008-2011", "type": "main", "url": "https://lustat.statec.lu/vis?df[ds]=ds-release&vw=tb&df[ag]=LU1&df[id]=DF_E2707"}, {"checksum": null, "created_at": "2026-04-24T14:54:01.838000+00:00", "description": "Date de publication: 26/06/2026 - P\u00e9riodicit\u00e9: annuelle - Source: STATEC - Cat\u00e9gorie: Economie et finances - Comptes nationaux - Mots-cl\u00e9s: EGSS, comptes, SCEE<br><b>*** Remplace table DF_E2707 ***</b>", "extras": {}, "filesize": 0, "filetype": "remote", "format": "html", "harvest": null, "id": "8a7f268f-a907-4127-9b1d-7fee07d36991", "internal": {"created_at_internal": "2026-04-24T14:54:01.838000+00:00", "last_modified_internal": "2026-06-26T21:01:06.657000+00:00"}, "last_modified": "2026-06-26T21:01:06.657000+00:00", "latest": "https://data.public.lu/fr/datasets/r/8a7f268f-a907-4127-9b1d-7fee07d36991", "metrics": {}, "mime": null, "preview_url": null, "schema": null, "title": "D\u00e9penses nationales en protection environnementale par objectif et types de d\u00e9penses", "type": "main", "url": "https://lustat.statec.lu/vis?df[ds]=ds-release&vw=tb&df[ag]=LU1&df[id]=DSD_ENV_EPE@DF_E2707"}, {"checksum": null, "created_at": "2026-04-24T14:54:01.838000+00:00", "description": "Date de publication: 08/12/2025 - P\u00e9riodicit\u00e9: annuelle - Auteur: STATEC/Eurostat, Enqu\u00eate sur les forces de travail - Cat\u00e9gorie: Conditions sociales - Loisirs et culture - Mots-cl\u00e9s: Culture, emploi, CSA", "extras": {}, "filesize": 0, "filetype": "remote", "format": "html", "harvest": null, "id": "5b225162-c549-4dd6-a1b5-fb3f1f8d55a3", "internal": {"created_at_internal": "2026-04-24T14:54:01.838000+00:00", "last_modified_internal": "2026-04-24T14:54:01.838000+00:00"}, "last_modified": "2026-04-24T14:54:01.838000+00:00", "latest": "https://data.public.lu/fr/datasets/r/5b225162-c549-4dd6-a1b5-fb3f1f8d55a3", "metrics": {}, "mime": null, "preview_url": null, "schema": null, "title": "Emploi culturel dans l'emploi total (en %)", "type": "main", "url": "https://lustat.statec.lu/vis?df[ds]=ds-release&vw=tb&df[ag]=LU1&df[id]=DF_E2802"}, {"checksum": null, "created_at": "2026-04-24T14:54:01.838000+00:00", "description": "Date de publication: 11/07/2025 - P\u00e9riodicit\u00e9 : annuelle - Auteur: Statec - Cat\u00e9gorie: Economie et finances - Comptes nationaux - Mots-cl\u00e9s: ESS, comptes", "extras": {}, "filesize": 0, "filetype": "remote", "format": "html", "harvest": null, "id": "b612485e-4f69-4e79-9cc9-ff48f4a085ad", "internal": {"created_at_internal": "2026-04-24T14:54:01.838000+00:00", "last_modified_internal": "2026-04-24T14:54:01.838000+00:00"}, "last_modified": "2026-04-24T14:54:01.838000+00:00", "latest": "https://data.public.lu/fr/datasets/r/b612485e-4f69-4e79-9cc9-ff48f4a085ad", "metrics": {}, "mime": null, "preview_url": null, "schema": null, "title": "Emploi dans l'\u00e9conomie sociale et solidaire", "type": "main", "url": "https://lustat.statec.lu/vis?df[ds]=ds-release&vw=tb&df[ag]=LU1&df[id]=DF_E2551"}, {"checksum": null, "created_at": "2026-04-24T14:54:01.838000+00:00", "description": "Date de publication: 06/08/2024 - P\u00e9riodicit\u00e9 :  annuelle - Auteur: STATEC,comptes nationaux - Cat\u00e9gorie: Tourisme - Mots-cl\u00e9s: Tourisme", "extras": {}, "filesize": 0, "filetype": "remote", "format": "html", "harvest": null, "id": "25db1371-83d1-4141-af76-478df3ceade9", "internal": {"created_at_internal": "2026-04-24T14:54:01.838000+00:00", "last_modified_internal": "2026-04-24T14:54:01.838000+00:00"}, "last_modified": "2026-04-24T14:54:01.838000+00:00", "latest": "https://data.public.lu/fr/datasets/r/25db1371-83d1-4141-af76-478df3ceade9", "metrics": {}, "mime": null, "preview_url": null, "schema": null, "title": "Emploi dans les industries du tourisme", "type": "main", "url": "https://lustat.statec.lu/vis?df[ds]=ds-release&vw=tb&df[ag]=LU1&df[id]=DF_E2923"}, {"checksum": null, "created_at": "2026-04-24T14:54:01.838000+00:00", "description": "Date de publication: 27/02/2026 -  P\u00e9riodicit\u00e9:  annuelle - Auteur: STATEC - Cat\u00e9gorie: Economie et finances - Comptes nationaux - Mots-cl\u00e9s: SSA, Sport, Sports, Emploi", "extras": {}, "filesize": 0, "filetype": "remote", "format": "html", "harvest": null, "id": "60381a9c-136c-4bc3-8c7f-70b7dae67c08", "internal": {"created_at_internal": "2026-04-24T14:54:01.838000+00:00", "last_modified_internal": "2026-04-24T14:54:01.838000+00:00"}, "last_modified": "2026-04-24T14:54:01.838000+00:00", "latest": "https://data.public.lu/fr/datasets/r/60381a9c-136c-4bc3-8c7f-70b7dae67c08", "metrics": {}, "mime": null, "preview_url": null, "schema": null, "title": "Emploi de l'\u00e9conomie sportive par cat\u00e9gorie en ETP", "type": "main", "url": "https://lustat.statec.lu/vis?df[ds]=ds-release&vw=tb&df[ag]=LU1&df[id]=DF_E2903"}, {"checksum": null, "created_at": "2026-04-24T14:54:01.838000+00:00", "description": "Date de publication: 24/03/2026 - P\u00e9riodicit\u00e9: annuelle - Source: STATEC - Cat\u00e9gorie: Economie et finances - Comptes nationaux - Mots-cl\u00e9s: EGSS, comptes, SCEE<br><b>*** Remplace table DF_E2706 ***</b>", "extras": {}, "filesize": 0, "filetype": "remote", "format": "html", "harvest": null, "id": "4c07fece-de38-41b3-b861-03b2862349b1", "internal": {"created_at_internal": "2026-04-24T14:54:01.838000+00:00", "last_modified_internal": "2026-04-24T14:54:01.838000+00:00"}, "last_modified": "2026-04-24T14:54:01.838000+00:00", "latest": "https://data.public.lu/fr/datasets/r/4c07fece-de38-41b3-b861-03b2862349b1", "metrics": {}, "mime": null, "preview_url": null, "schema": null, "title": "Emplois li\u00e9s aux biens et services environnementaux", "type": "main", "url": "https://lustat.statec.lu/vis?df[ds]=ds-release&vw=tb&df[ag]=LU1&df[id]=DSD_ENV_EGSS@DF_E2706"}, {"checksum": null, "created_at": "2026-04-24T14:54:01.838000+00:00", "description": "Date de publication: 05/06/2026  Version SEC2010_notif202606 - P\u00e9riodicit\u00e9 : trimestrielle - Auteur: Statec - Cat\u00e9gorie: Economie et finances - Comptes nationaux - Mots-cl\u00e9s: comptes trimestriels, NACE Rev. 2, heures travaill\u00e9es non-salari\u00e9s, HRN", "extras": {}, "filesize": 0, "filetype": "remote", "format": "html", "harvest": null, "id": "d58bf108-c4f6-442d-89d5-f803740e2eda", "internal": {"created_at_internal": "2026-04-24T14:54:01.838000+00:00", "last_modified_internal": "2026-06-05T21:01:20.165000+00:00"}, "last_modified": "2026-06-05T21:01:20.165000+00:00", "latest": "https://data.public.lu/fr/datasets/r/d58bf108-c4f6-442d-89d5-f803740e2eda", "metrics": {}, "mime": null, "preview_url": null, "schema": null, "title": "Heures travaill\u00e9es des non-salari\u00e9s (HRN) par branche (NaceR2) (en 1 000 d'heures)", "type": "main", "url": "https://lustat.statec.lu/vis?df[ds]=ds-release&vw=tb&df[ag]=LU1&df[id]=DF_E2609"}, {"checksum": null, "created_at": "2026-04-24T14:54:01.838000+00:00", "description": "Date de publication: 07/10/2025 - P\u00e9riodicit\u00e9 :  annuelle - Auteur: STATEC - Cat\u00e9gorie: Conditions sociales - Loisirs et culture - Mots-cl\u00e9s: Culture, comptes", "extras": {}, "filesize": 0, "filetype": "remote", "format": "html", "harvest": null, "id": "8d3e0205-449f-4ec1-9d4a-47da1dbf1f32", "internal": {"created_at_internal": "2026-04-24T14:54:01.838000+00:00", "last_modified_internal": "2026-04-24T14:54:01.838000+00:00"}, "last_modified": "2026-04-24T14:54:01.838000+00:00", "latest": "https://data.public.lu/fr/datasets/r/8d3e0205-449f-4ec1-9d4a-47da1dbf1f32", "metrics": {}, "mime": null, "preview_url": null, "schema": null, "title": "Importations et exportations totales (en 1000 EUR) de produits culturels selon la Nomenclature Combin\u00e9e par groupe de produits", "type": "main", "url": "https://lustat.statec.lu/vis?df[ds]=ds-release&vw=tb&df[ag]=LU1&df[id]=DF_E2801"}, {"checksum": null, "created_at": "2026-04-24T14:54:01.838000+00:00", "description": "Date de publication: 22/08/2024 - P\u00e9riodicit\u00e9 :  annuelle - Auteur: STATEC,comptes nationaux - Cat\u00e9gorie: Tourisme - Mots-cl\u00e9s: Tourisme", "extras": {}, "filesize": 0, "filetype": "remote", "format": "html", "harvest": null, "id": "e7129543-22be-470d-bb88-2c01978ac0d0", "internal": {"created_at_internal": "2026-04-24T14:54:01.838000+00:00", "last_modified_internal": "2026-04-24T14:54:01.838000+00:00"}, "last_modified": "2026-04-24T14:54:01.838000+00:00", "latest": "https://data.public.lu/fr/datasets/r/e7129543-22be-470d-bb88-2c01978ac0d0", "metrics": {}, "mime": null, "preview_url": null, "schema": null, "title": "Offre int\u00e9rieure totale et consommation du tourisme int\u00e9rieur par produit", "type": "main", "url": "https://lustat.statec.lu/vis?df[ds]=ds-release&vw=tb&df[ag]=LU1&df[id]=DF_E2922"}, {"checksum": null, "created_at": "2026-04-24T14:54:01.838000+00:00", "description": "Date de publication: 27/02/2026 -  P\u00e9riodicit\u00e9:  annuelle - Auteur: STATEC - Cat\u00e9gorie: Economie et finances - Comptes nationaux - Mots-cl\u00e9s: SSA, Sport, Sports, Production, Valeur Ajout\u00e9e", "extras": {}, "filesize": 0, "filetype": "remote", "format": "html", "harvest": null, "id": "2b69a9c5-273b-4db0-ac9b-c40b985dd0d3", "internal": {"created_at_internal": "2026-04-24T14:54:01.838000+00:00", "last_modified_internal": "2026-04-24T14:54:01.838000+00:00"}, "last_modified": "2026-04-24T14:54:01.838000+00:00", "latest": "https://data.public.lu/fr/datasets/r/2b69a9c5-273b-4db0-ac9b-c40b985dd0d3", "metrics": {}, "mime": null, "preview_url": null, "schema": null, "title": "Production et valeur ajout\u00e9e de l'\u00e9conomie sportive par cat\u00e9gorie (en millions EUR)", "type": "main", "url": "https://lustat.statec.lu/vis?df[ds]=ds-release&vw=tb&df[ag]=LU1&df[id]=DF_E2901"}, {"checksum": null, "created_at": "2026-04-24T14:54:01.838000+00:00", "description": "Date de publication: 07/10/2025 - P\u00e9riodicit\u00e9 :  annuelle - Auteur: STATEC,comptes nationaux - Cat\u00e9gorie: Conditions sociales - Loisirs et culture - Mots-cl\u00e9s: Culture", "extras": {}, "filesize": 0, "filetype": "remote", "format": "html", "harvest": null, "id": "b8520ca2-d128-44fa-964e-8558aa40f587", "internal": {"created_at_internal": "2026-04-24T14:54:01.838000+00:00", "last_modified_internal": "2026-04-24T14:54:01.838000+00:00"}, "last_modified": "2026-04-24T14:54:01.838000+00:00", "latest": "https://data.public.lu/fr/datasets/r/b8520ca2-d128-44fa-964e-8558aa40f587", "metrics": {}, "mime": null, "preview_url": null, "schema": null, "title": "Production et valeur ajout\u00e9e par domaine culturel (en millions EUR)", "type": "main", "url": "https://lustat.statec.lu/vis?df[ds]=ds-release&vw=tb&df[ag]=LU1&df[id]=DF_E2800"}, {"checksum": null, "created_at": "2026-04-24T14:54:01.838000+00:00", "description": "Date de publication: 26/06/2026 -  P\u00e9riodicit\u00e9:  annuelle - Source: STATEC - Cat\u00e9gorie: Economie et finances - Comptes nationaux - Mots-cl\u00e9s: EPEA, comptes, SCEE<br><b>*** Remplac\u00e9 par table DSD_ENV_EPE@DF_E2708 ***</b>", "extras": {}, "filesize": 0, "filetype": "remote", "format": "html", "harvest": null, "id": "cb5034cc-5bb5-4bc0-8396-4db9eafe36b6", "internal": {"created_at_internal": "2026-04-24T14:54:01.838000+00:00", "last_modified_internal": "2026-06-26T21:01:06.913000+00:00"}, "last_modified": "2026-06-26T21:01:06.913000+00:00", "latest": "https://data.public.lu/fr/datasets/r/cb5034cc-5bb5-4bc0-8396-4db9eafe36b6", "metrics": {}, "mime": null, "preview_url": null, "schema": null, "title": "Production nationale de services en protection environnementale par fonction et charact\u00e9ristiques \u00e9conomiques 2008-2011", "type": "main", "url": "https://lustat.statec.lu/vis?df[ds]=ds-release&vw=tb&df[ag]=LU1&df[id]=DF_E2708"}, {"checksum": null, "created_at": "2026-04-24T14:54:01.838000+00:00", "description": "Date de publication: 26/06/2026 - P\u00e9riodicit\u00e9: annuelle - Source: STATEC - Cat\u00e9gorie: Economie et finances - Comptes nationaux - Mots-cl\u00e9s: EGSS, comptes, SCEE<br><b>*** Remplace table DF_E2708 ***</b>", "extras": {}, "filesize": 0, "filetype": "remote", "format": "html", "harvest": null, "id": "9ecee319-4af8-4b20-92be-6b861c4ead9c", "internal": {"created_at_internal": "2026-04-24T14:54:01.838000+00:00", "last_modified_internal": "2026-06-26T21:01:07.155000+00:00"}, "last_modified": "2026-06-26T21:01:07.155000+00:00", "latest": "https://data.public.lu/fr/datasets/r/9ecee319-4af8-4b20-92be-6b861c4ead9c", "metrics": {}, "mime": null, "preview_url": null, "schema": null, "title": "Production nationale de services en protection environnementale par objectif et charact\u00e9ristiques \u00e9conomiques", "type": "main", "url": "https://lustat.statec.lu/vis?df[ds]=ds-release&vw=tb&df[ag]=LU1&df[id]=DSD_ENV_EPE@DF_E2708"}, {"checksum": null, "created_at": "2026-04-24T14:54:01.838000+00:00", "description": "Date de publication: 07/10/2025 - Version SEC2010_notif202510 - P\u00e9riodicit\u00e9: annuelle - Auteur: Statec - Cat\u00e9gorie: Economie et finances - Comptes nationaux - Mots-cl\u00e9s: comptes annuels, NACE Rev. 2, salaires et traitements bruts , D11", "extras": {}, "filesize": 0, "filetype": "remote", "format": "html", "harvest": null, "id": "7cd188a8-db08-45fc-b82f-2e5db9b55bfb", "internal": {"created_at_internal": "2026-04-24T14:54:01.838000+00:00", "last_modified_internal": "2026-04-24T14:54:01.838000+00:00"}, "last_modified": "2026-04-24T14:54:01.838000+00:00", "latest": "https://data.public.lu/fr/datasets/r/7cd188a8-db08-45fc-b82f-2e5db9b55bfb", "metrics": {}, "mime": null, "preview_url": null, "schema": null, "title": "Salaires et traitements bruts (D11) par branche (NaceR2) (en millions EUR)", "type": "main", "url": "https://lustat.statec.lu/vis?df[ds]=ds-release&vw=tb&df[ag]=LU1&df[id]=DF_E2307"}, {"checksum": null, "created_at": "2026-04-24T14:54:01.839000+00:00", "description": "Date de publication: 07/10/2025 Version SEC2010_notif202510 - P\u00e9riodicit\u00e9 : annuelle - Auteur: Statec - Cat\u00e9gorie: Economie et finances - Comptes nationaux - Mots-cl\u00e9s: comptes des secteurs annuels, PIB, RNB", "extras": {}, "filesize": 0, "filetype": "remote", "format": "html", "harvest": null, "id": "0f866063-80dc-4a7c-87ab-d33fc98fddc3", "internal": {"created_at_internal": "2026-04-24T14:54:01.839000+00:00", "last_modified_internal": "2026-04-24T14:54:01.839000+00:00"}, "last_modified": "2026-04-24T14:54:01.839000+00:00", "latest": "https://data.public.lu/fr/datasets/r/0f866063-80dc-4a7c-87ab-d33fc98fddc3", "metrics": {}, "mime": null, "preview_url": null, "schema": null, "title": "S\u00e9quence des comptes annuels par secteur", "type": "main", "url": "https://lustat.statec.lu/vis?df[ds]=ds-release&vw=tb&df[ag]=LU1&df[id]=DF_E2210"}, {"checksum": null, "created_at": "2026-04-24T14:54:01.839000+00:00", "description": "Date de publication: 11/07/2025 - P\u00e9riodicit\u00e9: annuelle - Auteur: Statec - Cat\u00e9gorie: Economie et finances - Comptes nationaux - Mots-cl\u00e9s: ESS, comptes", "extras": {}, "filesize": 0, "filetype": "remote", "format": "html", "harvest": null, "id": "6dca367e-a0a4-44e5-89a4-7c22ff80b6b0", "internal": {"created_at_internal": "2026-04-24T14:54:01.839000+00:00", "last_modified_internal": "2026-04-24T14:54:01.839000+00:00"}, "last_modified": "2026-04-24T14:54:01.839000+00:00", "latest": "https://data.public.lu/fr/datasets/r/6dca367e-a0a4-44e5-89a4-7c22ff80b6b0", "metrics": {}, "mime": null, "preview_url": null, "schema": null, "title": "S\u00e9quence des comptes de l'\u00e9conomie sociale et solidaire (mio. EUR)", "type": "main", "url": "https://lustat.statec.lu/vis?df[ds]=ds-release&vw=tb&df[ag]=LU1&df[id]=DF_E2550"}, {"checksum": null, "created_at": "2026-04-24T14:54:01.839000+00:00", "description": "Date de publication: 07/07/2026 Version SEC2010_notif202604 - Periodicit\u00e9: trimestrielle - Auteur: Statec - Categorie: Economie et finances - Comptes nationaux - Mots-cl\u00e9s: comptes des secteurs annuels, PIB, RNB", "extras": {}, "filesize": 0, "filetype": "remote", "format": "html", "harvest": null, "id": "424f1375-bad2-4bab-ad94-64bf41da009d", "internal": {"created_at_internal": "2026-04-24T14:54:01.839000+00:00", "last_modified_internal": "2026-07-07T21:00:58.315000+00:00"}, "last_modified": "2026-07-07T21:00:58.315000+00:00", "latest": "https://data.public.lu/fr/datasets/r/424f1375-bad2-4bab-ad94-64bf41da009d", "metrics": {}, "mime": null, "preview_url": null, "schema": null, "title": "S\u00e9quence des comptes trimestriels par secteur", "type": "main", "url": "https://lustat.statec.lu/vis?df[ds]=ds-release&vw=tb&df[ag]=LU1&df[id]=DF_E2220"}, {"checksum": null, "created_at": "2026-04-24T14:54:01.839000+00:00", "description": "Date de publication: 29/06/2026 -  P\u00e9riodicit\u00e9:  annuelle - Source: STATEC - Cat\u00e9gorie: Economie et finances - Comptes nationaux - Mots-cl\u00e9s: Comptes, SCEE", "extras": {}, "filesize": 0, "filetype": "remote", "format": "html", "harvest": null, "id": "04eafd8b-b138-47b2-8524-858cce55102f", "internal": {"created_at_internal": "2026-04-24T14:54:01.839000+00:00", "last_modified_internal": "2026-07-01T21:00:56.829000+00:00"}, "last_modified": "2026-07-01T21:00:56.829000+00:00", "latest": "https://data.public.lu/fr/datasets/r/04eafd8b-b138-47b2-8524-858cce55102f", "metrics": {}, "mime": null, "preview_url": null, "schema": null, "title": "Tableau de bord de l'\u00e9conomie verte et des empreintes environnementales", "type": "main", "url": "https://lustat.statec.lu/vis?df[ds]=ds-release&vw=tb&df[ag]=LU1&df[id]=DF_E2711"}, {"checksum": null, "created_at": "2026-04-24T14:54:01.839000+00:00", "description": "Date de publication: 13/05/2026 -  P\u00e9riodicit\u00e9:  annuelle - Auteur: STATEC - Cat\u00e9gorie: Economie et finances - Comptes nationaux - Mots-cl\u00e9s: ETEA, comptes, SCEE", "extras": {}, "filesize": 0, "filetype": "remote", "format": "html", "harvest": null, "id": "bda4cd56-5e88-435c-82f9-82d87b7194ce", "internal": {"created_at_internal": "2026-04-24T14:54:01.839000+00:00", "last_modified_internal": "2026-05-13T21:01:27.550000+00:00"}, "last_modified": "2026-05-13T21:01:27.550000+00:00", "latest": "https://data.public.lu/fr/datasets/r/bda4cd56-5e88-435c-82f9-82d87b7194ce", "metrics": {}, "mime": null, "preview_url": null, "schema": null, "title": "Taxes environnementales (en millions EUR)", "type": "main", "url": "https://lustat.statec.lu/vis?df[ds]=ds-release&vw=tb&df[ag]=LU1&df[id]=DF_E2704"}, {"checksum": null, "created_at": "2026-04-24T14:54:01.839000+00:00", "description": "Date de publication: 17/01/2026 -  P\u00e9riodicit\u00e9:  annuelle - Source: STATEC - Cat\u00e9gorie: Economie et finances - Comptes nationaux - Mots-cl\u00e9s: Comptes", "extras": {}, "filesize": 0, "filetype": "remote", "format": "html", "harvest": null, "id": "9f867ab3-7a9d-4f8a-bfb0-42de0ea17ce3", "internal": {"created_at_internal": "2026-04-24T14:54:01.839000+00:00", "last_modified_internal": "2026-04-24T14:54:01.839000+00:00"}, "last_modified": "2026-04-24T14:54:01.839000+00:00", "latest": "https://data.public.lu/fr/datasets/r/9f867ab3-7a9d-4f8a-bfb0-42de0ea17ce3", "metrics": {}, "mime": null, "preview_url": null, "schema": null, "title": "Transferts environnementaux", "type": "main", "url": "https://lustat.statec.lu/vis?df[ds]=ds-release&vw=tb&df[ag]=LU1&df[id]=DF_E2712"}], "schema": null, "slug": "economie-totale-et-prix-comptes-nationaux", "spatial": {"geom": null, "granularity": "country", "zones": ["country:lu"]}, "tags": ["aea", "ajuste-des-jours-ouvrables", "approche-depense", "approche-production", "coicop", "comptes", "comptes-annuels", "comptes-des-secteurs-annuels", "comptes-nationaux", "comptes-trimestriels", "consommation-de-capital-fixe", "consommation-intermediaire", "contribution", "contributions", "croissance", "csa", "culture", "d11", "dcf", "depense-de-consommation-finale-des-menages", "depenses-menages", "desaisonnalise", "economie", "eem", "egss", "emploi", "emploi-salarie", "emploi-total", "employees", "epe", "epea", "ese", "ess", "etea", "eto", "export", "fbcf", "ges", "heures-travaillees", "heures-travaillees-des-salaries", "heures-travaillees-non", "heures-travaillees-total", "hrs", "hrt", "import", "isblsm", "mfa", "nace-rev-2", "nationaux", "non", "pib", "population", "principaux-agregats", "prix", "prix-constants", "prix-courants", "production", "remuneration-des-salaries", "rnb", "salaires-et-traitements-bruts", "scee", "sport", "sports", "ssa", "statec-sync", "statistics", "statistiques", "structure", "totale", "tourisme", "travailleurs-independants", "trois-approches", "vab", "valeur-ajoutee", "valeur-ajoutee-brute", "valeurs-ajoutees-brutes"], "temporal_coverage": null, "title": "\u00c9conomie totale et prix - Comptes nationaux", "uri": "https://data.public.lu/api/1/datasets/economie-totale-et-prix-comptes-nationaux/"}